{"id":712,"date":"2025-02-19T16:01:43","date_gmt":"2025-02-19T16:01:43","guid":{"rendered":"https:\/\/ciapavia.com\/?p=712"},"modified":"2025-02-19T16:02:21","modified_gmt":"2025-02-19T16:02:21","slug":"il-futuro-dellagricoltura-pavese-a-mortara-lassemblea-di-cia-pavia","status":"publish","type":"post","link":"https:\/\/ciapavia.com\/index.php\/2025\/02\/19\/il-futuro-dellagricoltura-pavese-a-mortara-lassemblea-di-cia-pavia\/","title":{"rendered":"Il futuro dell\u2019agricoltura pavese: a Mortara l\u2019assemblea di Cia Pavia"},"content":{"rendered":"\n<p>Mortara, 19 feb &#8211; Si \u00e8 svolta oggi, presso la Sala Borsa Merci di Mortara, l&#8217;Assemblea Provinciale di Cia Pavia, un momento di confronto e condivisione che ha visto la partecipazione di numerosi soci, oltre ad alcuni rappresentanti del Comune di Mortara.<\/p>\n\n\n\n<figure class=\"wp-block-image size-large\"><img loading=\"lazy\" decoding=\"async\" width=\"1024\" height=\"819\" src=\"https:\/\/ciapavia.com\/wp-content\/uploads\/2025\/02\/agricoltura_pavese-1024x819.jpeg\" alt=\"Il futuro dell\u2019agricoltura pavese\" class=\"wp-image-713\" srcset=\"https:\/\/ciapavia.com\/wp-content\/uploads\/2025\/02\/agricoltura_pavese-1024x819.jpeg 1024w, https:\/\/ciapavia.com\/wp-content\/uploads\/2025\/02\/agricoltura_pavese-300x240.jpeg 300w, https:\/\/ciapavia.com\/wp-content\/uploads\/2025\/02\/agricoltura_pavese-768x614.jpeg 768w, https:\/\/ciapavia.com\/wp-content\/uploads\/2025\/02\/agricoltura_pavese.jpeg 1500w\" sizes=\"auto, (max-width: 1024px) 100vw, 1024px\" \/><\/figure>\n\n\n\n<p>I consiglieri regionali Claudio Mangiarotti e Andrea Sala, che non hanno potuto essere presenti, hanno fatto pervenire i loro saluti ed espresso la loro al mondo agricolo rappresentato da Cia Pavia.<\/p>\n\n\n\n<p>In collegamento video \u00e8 intervenuto anche il presidente di Cia Lombardia, Paolo Maccazzola, che ha fatto il punto sulle pi\u00f9 recenti attivit\u00e0 sindacali portate avanti da Cia, con particolare attenzione alla battaglia in difesa del comparto vitivinicolo contro l&#8217;introduzione di un sistema di etichettatura penalizzante per il vino.<\/p>\n\n\n\n<p>Durante l\u2019assemblea sono state analizzate le criticit\u00e0 che hanno colpito il territorio pavese negli ultimi anni, a partire dalle condizioni climatiche, prima la siccit\u00e0 e poi l\u2019eccesso di piogge, passando per il virus della Peste suina, unitamente ad un contesto economico globale complesso che incide pesantemente sul mondo agricolo. A tutto ci\u00f2 si aggiunge la sfida di conciliare produttivit\u00e0 e sostenibilit\u00e0 ambientale in un panorama sempre pi\u00f9 incerto.<\/p>\n\n\n\n<p>Cia Pavia, in questo contesto, ha indicato come parole chiave, fondamentali per la propria attivit\u00e0 sindacale e punti focali della propria mission, &#8220;persona&#8221; e &#8220;partecipazione&#8221;: partire dalle persone, dai progetti e aspirazioni, dalle difficolt\u00e0 e dalle opportunit\u00e0, sostenendole attraverso la partecipazione associativa, che deve essere riferimento per i soci ma anche punto di confronto e scambio di informazioni e idee. Solo collaborando costantemente con la base sociale si potranno affrontare le sfide del sistema agricolo.<\/p>\n\n\n\n<p>\u00c8 poi intervenuto Enrico Calentini, presidente nazionale di Agia, l\u2019Associazione Giovani Agricoltori di Cia che rappresenta circa 40.000 agricoltori under 40 in tutta Italia, che ha indicato alcune tematiche di intervento che sono al centro dell\u2019attivit\u00e0 di Agia: facilitare l\u2019accesso alla terra, spinta verso l\u2019innovazione tecnologica, accesso al credito e alla conoscenza. Per il presidente di Agia questi sono interventi importanti non solo verso i giovani bens\u00ec elementi cruciali per lo sviluppo dell\u2019intero comparto agricolo.<\/p>\n\n\n\n<p>Per ci\u00f2 che concerne l\u2019accesso al credito e alla terra, Calentini ha ricordato le opportunit\u00e0 offerte da Ismea, oltre all\u2019importante accordo che Cia Agricoltori Italiani ha siglato con Unicredit a supporto delle imprese. Agia ha inoltre stretto, inoltre, un partenariato con il Crea per avvicinare il mondo della ricerca pubblica alle realt\u00e0 imprenditoriali.<\/p>\n\n\n\n<p>Dall\u2019incontro sono emersi numerosi spunti di riflessione e prospettive di sviluppo per il settore agricolo, che continua a rappresentare un pilastro fondamentale per il territorio pavese e nazionale. Cia Pavia ha ribadito il proprio impegno nel supportare i propri soci nell\u2019accesso alle opportunit\u00e0 e ai bandi di finanziamento, per costruire insieme un futuro solido e innovativo per&nbsp;l\u2019agricoltura.<\/p>\n","protected":false},"excerpt":{"rendered":"<p>Mortara, 19 feb &#8211; Si \u00e8 svolta oggi, presso la Sala Borsa Merci di Mortara, l&#8217;Assemblea Provinciale di Cia Pavia, un momento di confronto e condivisione che ha visto la partecipazione di numerosi soci, oltre ad alcuni rappresentanti del Comune di Mortara. I consiglieri regionali Claudio Mangiarotti e Andrea Sala, che non hanno potuto essere &#8230; <a href=\"https:\/\/ciapavia.com\/index.php\/2025\/02\/19\/il-futuro-dellagricoltura-pavese-a-mortara-lassemblea-di-cia-pavia\/\" class=\"more-link\">Read More <span class=\"screen-reader-text\">about  Il futuro dell\u2019agricoltura pavese: a Mortara l\u2019assemblea di Cia Pavia<\/span><\/a><\/p>\n","protected":false},"author":1,"featured_media":713,"comment_status":"closed","ping_status":"open","sticky":false,"template":"","format":"standard","meta":{"_genesis_hide_title":false,"_genesis_hide_breadcrumbs":false,"_genesis_hide_singular_image":false,"_genesis_hide_footer_widgets":false,"_genesis_custom_body_class":"","_genesis_custom_post_class":"","_genesis_layout":"","footnotes":""},"categories":[4,3],"tags":[],"class_list":{"0":"post-712","1":"post","2":"type-post","3":"status-publish","4":"format-standard","5":"has-post-thumbnail","7":"category-categoria-1","8":"category-news","9":"entry"},"yoast_head":"<!-- This site is optimized with the Yoast SEO plugin v27.3 - https:\/\/yoast.com\/product\/yoast-seo-wordpress\/ -->\n<title>Il futuro dell\u2019agricoltura pavese: a Mortara l\u2019assemblea di Cia Pavia - Cia Agricoltori Italiani Pavia<\/title>\n<meta name=\"robots\" content=\"index, follow, max-snippet:-1, max-image-preview:large, max-video-preview:-1\" \/>\n<link rel=\"canonical\" href=\"https:\/\/ciapavia.com\/index.php\/2025\/02\/19\/il-futuro-dellagricoltura-pavese-a-mortara-lassemblea-di-cia-pavia\/\" \/>\n<meta property=\"og:locale\" content=\"it_IT\" \/>\n<meta property=\"og:type\" content=\"article\" \/>\n<meta property=\"og:title\" content=\"Il futuro dell\u2019agricoltura pavese: a Mortara l\u2019assemblea di Cia Pavia - Cia Agricoltori Italiani Pavia\" \/>\n<meta property=\"og:description\" content=\"Mortara, 19 feb &#8211; Si \u00e8 svolta oggi, presso la Sala Borsa Merci di Mortara, l&#8217;Assemblea Provinciale di Cia Pavia, un momento di confronto e condivisione che ha visto la partecipazione di numerosi soci, oltre ad alcuni rappresentanti del Comune di Mortara. I consiglieri regionali Claudio Mangiarotti e Andrea Sala, che non hanno potuto essere ... Read More about Il futuro dell\u2019agricoltura pavese: a Mortara l\u2019assemblea di Cia Pavia\" \/>\n<meta property=\"og:url\" content=\"https:\/\/ciapavia.com\/index.php\/2025\/02\/19\/il-futuro-dellagricoltura-pavese-a-mortara-lassemblea-di-cia-pavia\/\" \/>\n<meta property=\"og:site_name\" content=\"Cia Agricoltori Italiani Pavia\" \/>\n<meta property=\"article:publisher\" content=\"https:\/\/www.facebook.com\/cia.provinciapavia\" \/>\n<meta property=\"article:published_time\" content=\"2025-02-19T16:01:43+00:00\" \/>\n<meta property=\"article:modified_time\" content=\"2025-02-19T16:02:21+00:00\" \/>\n<meta property=\"og:image\" content=\"https:\/\/ciapavia.com\/wp-content\/uploads\/2025\/02\/agricoltura_pavese.jpeg\" \/>\n\t<meta property=\"og:image:width\" content=\"1500\" \/>\n\t<meta property=\"og:image:height\" content=\"1200\" \/>\n\t<meta property=\"og:image:type\" content=\"image\/jpeg\" \/>\n<meta name=\"author\" content=\"admin\" \/>\n<meta name=\"twitter:card\" content=\"summary_large_image\" \/>\n<meta name=\"twitter:label1\" content=\"Scritto da\" \/>\n\t<meta name=\"twitter:data1\" content=\"admin\" \/>\n\t<meta name=\"twitter:label2\" content=\"Tempo di lettura stimato\" \/>\n\t<meta name=\"twitter:data2\" content=\"3 minuti\" \/>\n<script type=\"application\/ld+json\" class=\"yoast-schema-graph\">{\"@context\":\"https:\\\/\\\/schema.org\",\"@graph\":[{\"@type\":\"Article\",\"@id\":\"https:\\\/\\\/ciapavia.com\\\/index.php\\\/2025\\\/02\\\/19\\\/il-futuro-dellagricoltura-pavese-a-mortara-lassemblea-di-cia-pavia\\\/#article\",\"isPartOf\":{\"@id\":\"https:\\\/\\\/ciapavia.com\\\/index.php\\\/2025\\\/02\\\/19\\\/il-futuro-dellagricoltura-pavese-a-mortara-lassemblea-di-cia-pavia\\\/\"},\"author\":{\"name\":\"admin\",\"@id\":\"https:\\\/\\\/ciapavia.com\\\/#\\\/schema\\\/person\\\/cb09bfde1754a08df071a37dd5d6bb32\"},\"headline\":\"Il futuro dell\u2019agricoltura pavese: a Mortara l\u2019assemblea di Cia Pavia\",\"datePublished\":\"2025-02-19T16:01:43+00:00\",\"dateModified\":\"2025-02-19T16:02:21+00:00\",\"mainEntityOfPage\":{\"@id\":\"https:\\\/\\\/ciapavia.com\\\/index.php\\\/2025\\\/02\\\/19\\\/il-futuro-dellagricoltura-pavese-a-mortara-lassemblea-di-cia-pavia\\\/\"},\"wordCount\":469,\"publisher\":{\"@id\":\"https:\\\/\\\/ciapavia.com\\\/#organization\"},\"image\":{\"@id\":\"https:\\\/\\\/ciapavia.com\\\/index.php\\\/2025\\\/02\\\/19\\\/il-futuro-dellagricoltura-pavese-a-mortara-lassemblea-di-cia-pavia\\\/#primaryimage\"},\"thumbnailUrl\":\"https:\\\/\\\/ciapavia.com\\\/wp-content\\\/uploads\\\/2025\\\/02\\\/agricoltura_pavese.jpeg\",\"articleSection\":[\"Categoria 1\",\"News\"],\"inLanguage\":\"it-IT\"},{\"@type\":\"WebPage\",\"@id\":\"https:\\\/\\\/ciapavia.com\\\/index.php\\\/2025\\\/02\\\/19\\\/il-futuro-dellagricoltura-pavese-a-mortara-lassemblea-di-cia-pavia\\\/\",\"url\":\"https:\\\/\\\/ciapavia.com\\\/index.php\\\/2025\\\/02\\\/19\\\/il-futuro-dellagricoltura-pavese-a-mortara-lassemblea-di-cia-pavia\\\/\",\"name\":\"Il futuro dell\u2019agricoltura pavese: a Mortara l\u2019assemblea di Cia Pavia - Cia Agricoltori Italiani Pavia\",\"isPartOf\":{\"@id\":\"https:\\\/\\\/ciapavia.com\\\/#website\"},\"primaryImageOfPage\":{\"@id\":\"https:\\\/\\\/ciapavia.com\\\/index.php\\\/2025\\\/02\\\/19\\\/il-futuro-dellagricoltura-pavese-a-mortara-lassemblea-di-cia-pavia\\\/#primaryimage\"},\"image\":{\"@id\":\"https:\\\/\\\/ciapavia.com\\\/index.php\\\/2025\\\/02\\\/19\\\/il-futuro-dellagricoltura-pavese-a-mortara-lassemblea-di-cia-pavia\\\/#primaryimage\"},\"thumbnailUrl\":\"https:\\\/\\\/ciapavia.com\\\/wp-content\\\/uploads\\\/2025\\\/02\\\/agricoltura_pavese.jpeg\",\"datePublished\":\"2025-02-19T16:01:43+00:00\",\"dateModified\":\"2025-02-19T16:02:21+00:00\",\"breadcrumb\":{\"@id\":\"https:\\\/\\\/ciapavia.com\\\/index.php\\\/2025\\\/02\\\/19\\\/il-futuro-dellagricoltura-pavese-a-mortara-lassemblea-di-cia-pavia\\\/#breadcrumb\"},\"inLanguage\":\"it-IT\",\"potentialAction\":[{\"@type\":\"ReadAction\",\"target\":[\"https:\\\/\\\/ciapavia.com\\\/index.php\\\/2025\\\/02\\\/19\\\/il-futuro-dellagricoltura-pavese-a-mortara-lassemblea-di-cia-pavia\\\/\"]}]},{\"@type\":\"ImageObject\",\"inLanguage\":\"it-IT\",\"@id\":\"https:\\\/\\\/ciapavia.com\\\/index.php\\\/2025\\\/02\\\/19\\\/il-futuro-dellagricoltura-pavese-a-mortara-lassemblea-di-cia-pavia\\\/#primaryimage\",\"url\":\"https:\\\/\\\/ciapavia.com\\\/wp-content\\\/uploads\\\/2025\\\/02\\\/agricoltura_pavese.jpeg\",\"contentUrl\":\"https:\\\/\\\/ciapavia.com\\\/wp-content\\\/uploads\\\/2025\\\/02\\\/agricoltura_pavese.jpeg\",\"width\":1500,\"height\":1200,\"caption\":\"Il futuro dell\u2019agricoltura pavese\"},{\"@type\":\"BreadcrumbList\",\"@id\":\"https:\\\/\\\/ciapavia.com\\\/index.php\\\/2025\\\/02\\\/19\\\/il-futuro-dellagricoltura-pavese-a-mortara-lassemblea-di-cia-pavia\\\/#breadcrumb\",\"itemListElement\":[{\"@type\":\"ListItem\",\"position\":1,\"name\":\"Home\",\"item\":\"https:\\\/\\\/ciapavia.com\\\/\"},{\"@type\":\"ListItem\",\"position\":2,\"name\":\"Il futuro dell\u2019agricoltura pavese: a Mortara l\u2019assemblea di Cia Pavia\"}]},{\"@type\":\"WebSite\",\"@id\":\"https:\\\/\\\/ciapavia.com\\\/#website\",\"url\":\"https:\\\/\\\/ciapavia.com\\\/\",\"name\":\"Cia Agricoltori Italiani Pavia\",\"description\":\"La Cia-Agricoltori Italiani \u00e8 una delle maggiori organizzazioni di categoria d\u2019Europa che lavora per il miglioramento e la valorizzazione del settore primario e per la tutela delle condizioni dei suoi addetti\",\"publisher\":{\"@id\":\"https:\\\/\\\/ciapavia.com\\\/#organization\"},\"alternateName\":\"La Cia-Agricoltori Italiani \u00e8 una delle maggiori organizzazioni di categoria d\u2019Europa che lavora per il miglioramento e la valorizzazione del settore primario e per la tutela delle condizioni dei suoi addetti\",\"potentialAction\":[{\"@type\":\"SearchAction\",\"target\":{\"@type\":\"EntryPoint\",\"urlTemplate\":\"https:\\\/\\\/ciapavia.com\\\/?s={search_term_string}\"},\"query-input\":{\"@type\":\"PropertyValueSpecification\",\"valueRequired\":true,\"valueName\":\"search_term_string\"}}],\"inLanguage\":\"it-IT\"},{\"@type\":\"Organization\",\"@id\":\"https:\\\/\\\/ciapavia.com\\\/#organization\",\"name\":\"Cia Pavia\",\"alternateName\":\"Cia Pavia\",\"url\":\"https:\\\/\\\/ciapavia.com\\\/\",\"logo\":{\"@type\":\"ImageObject\",\"inLanguage\":\"it-IT\",\"@id\":\"https:\\\/\\\/ciapavia.com\\\/#\\\/schema\\\/logo\\\/image\\\/\",\"url\":\"https:\\\/\\\/ciapavia.com\\\/wp-content\\\/uploads\\\/2022\\\/12\\\/cropped-cropped-logo_sito.png\",\"contentUrl\":\"https:\\\/\\\/ciapavia.com\\\/wp-content\\\/uploads\\\/2022\\\/12\\\/cropped-cropped-logo_sito.png\",\"width\":720,\"height\":250,\"caption\":\"Cia Pavia\"},\"image\":{\"@id\":\"https:\\\/\\\/ciapavia.com\\\/#\\\/schema\\\/logo\\\/image\\\/\"},\"sameAs\":[\"https:\\\/\\\/www.facebook.com\\\/cia.provinciapavia\"]},{\"@type\":\"Person\",\"@id\":\"https:\\\/\\\/ciapavia.com\\\/#\\\/schema\\\/person\\\/cb09bfde1754a08df071a37dd5d6bb32\",\"name\":\"admin\",\"sameAs\":[\"https:\\\/\\\/ciapavia.com\"],\"url\":\"https:\\\/\\\/ciapavia.com\\\/index.php\\\/author\\\/viacovo\\\/\"}]}<\/script>\n<!-- \/ Yoast SEO plugin. -->","yoast_head_json":{"title":"Il futuro dell\u2019agricoltura pavese: a Mortara l\u2019assemblea di Cia Pavia - Cia Agricoltori Italiani Pavia","robots":{"index":"index","follow":"follow","max-snippet":"max-snippet:-1","max-image-preview":"max-image-preview:large","max-video-preview":"max-video-preview:-1"},"canonical":"https:\/\/ciapavia.com\/index.php\/2025\/02\/19\/il-futuro-dellagricoltura-pavese-a-mortara-lassemblea-di-cia-pavia\/","og_locale":"it_IT","og_type":"article","og_title":"Il futuro dell\u2019agricoltura pavese: a Mortara l\u2019assemblea di Cia Pavia - Cia Agricoltori Italiani Pavia","og_description":"Mortara, 19 feb &#8211; Si \u00e8 svolta oggi, presso la Sala Borsa Merci di Mortara, l&#8217;Assemblea Provinciale di Cia Pavia, un momento di confronto e condivisione che ha visto la partecipazione di numerosi soci, oltre ad alcuni rappresentanti del Comune di Mortara. I consiglieri regionali Claudio Mangiarotti e Andrea Sala, che non hanno potuto essere ... Read More about Il futuro dell\u2019agricoltura pavese: a Mortara l\u2019assemblea di Cia Pavia","og_url":"https:\/\/ciapavia.com\/index.php\/2025\/02\/19\/il-futuro-dellagricoltura-pavese-a-mortara-lassemblea-di-cia-pavia\/","og_site_name":"Cia Agricoltori Italiani Pavia","article_publisher":"https:\/\/www.facebook.com\/cia.provinciapavia","article_published_time":"2025-02-19T16:01:43+00:00","article_modified_time":"2025-02-19T16:02:21+00:00","og_image":[{"width":1500,"height":1200,"url":"https:\/\/ciapavia.com\/wp-content\/uploads\/2025\/02\/agricoltura_pavese.jpeg","type":"image\/jpeg"}],"author":"admin","twitter_card":"summary_large_image","twitter_misc":{"Scritto da":"admin","Tempo di lettura stimato":"3 minuti"},"schema":{"@context":"https:\/\/schema.org","@graph":[{"@type":"Article","@id":"https:\/\/ciapavia.com\/index.php\/2025\/02\/19\/il-futuro-dellagricoltura-pavese-a-mortara-lassemblea-di-cia-pavia\/#article","isPartOf":{"@id":"https:\/\/ciapavia.com\/index.php\/2025\/02\/19\/il-futuro-dellagricoltura-pavese-a-mortara-lassemblea-di-cia-pavia\/"},"author":{"name":"admin","@id":"https:\/\/ciapavia.com\/#\/schema\/person\/cb09bfde1754a08df071a37dd5d6bb32"},"headline":"Il futuro dell\u2019agricoltura pavese: a Mortara l\u2019assemblea di Cia Pavia","datePublished":"2025-02-19T16:01:43+00:00","dateModified":"2025-02-19T16:02:21+00:00","mainEntityOfPage":{"@id":"https:\/\/ciapavia.com\/index.php\/2025\/02\/19\/il-futuro-dellagricoltura-pavese-a-mortara-lassemblea-di-cia-pavia\/"},"wordCount":469,"publisher":{"@id":"https:\/\/ciapavia.com\/#organization"},"image":{"@id":"https:\/\/ciapavia.com\/index.php\/2025\/02\/19\/il-futuro-dellagricoltura-pavese-a-mortara-lassemblea-di-cia-pavia\/#primaryimage"},"thumbnailUrl":"https:\/\/ciapavia.com\/wp-content\/uploads\/2025\/02\/agricoltura_pavese.jpeg","articleSection":["Categoria 1","News"],"inLanguage":"it-IT"},{"@type":"WebPage","@id":"https:\/\/ciapavia.com\/index.php\/2025\/02\/19\/il-futuro-dellagricoltura-pavese-a-mortara-lassemblea-di-cia-pavia\/","url":"https:\/\/ciapavia.com\/index.php\/2025\/02\/19\/il-futuro-dellagricoltura-pavese-a-mortara-lassemblea-di-cia-pavia\/","name":"Il futuro dell\u2019agricoltura pavese: a Mortara l\u2019assemblea di Cia Pavia - Cia Agricoltori Italiani Pavia","isPartOf":{"@id":"https:\/\/ciapavia.com\/#website"},"primaryImageOfPage":{"@id":"https:\/\/ciapavia.com\/index.php\/2025\/02\/19\/il-futuro-dellagricoltura-pavese-a-mortara-lassemblea-di-cia-pavia\/#primaryimage"},"image":{"@id":"https:\/\/ciapavia.com\/index.php\/2025\/02\/19\/il-futuro-dellagricoltura-pavese-a-mortara-lassemblea-di-cia-pavia\/#primaryimage"},"thumbnailUrl":"https:\/\/ciapavia.com\/wp-content\/uploads\/2025\/02\/agricoltura_pavese.jpeg","datePublished":"2025-02-19T16:01:43+00:00","dateModified":"2025-02-19T16:02:21+00:00","breadcrumb":{"@id":"https:\/\/ciapavia.com\/index.php\/2025\/02\/19\/il-futuro-dellagricoltura-pavese-a-mortara-lassemblea-di-cia-pavia\/#breadcrumb"},"inLanguage":"it-IT","potentialAction":[{"@type":"ReadAction","target":["https:\/\/ciapavia.com\/index.php\/2025\/02\/19\/il-futuro-dellagricoltura-pavese-a-mortara-lassemblea-di-cia-pavia\/"]}]},{"@type":"ImageObject","inLanguage":"it-IT","@id":"https:\/\/ciapavia.com\/index.php\/2025\/02\/19\/il-futuro-dellagricoltura-pavese-a-mortara-lassemblea-di-cia-pavia\/#primaryimage","url":"https:\/\/ciapavia.com\/wp-content\/uploads\/2025\/02\/agricoltura_pavese.jpeg","contentUrl":"https:\/\/ciapavia.com\/wp-content\/uploads\/2025\/02\/agricoltura_pavese.jpeg","width":1500,"height":1200,"caption":"Il futuro dell\u2019agricoltura pavese"},{"@type":"BreadcrumbList","@id":"https:\/\/ciapavia.com\/index.php\/2025\/02\/19\/il-futuro-dellagricoltura-pavese-a-mortara-lassemblea-di-cia-pavia\/#breadcrumb","itemListElement":[{"@type":"ListItem","position":1,"name":"Home","item":"https:\/\/ciapavia.com\/"},{"@type":"ListItem","position":2,"name":"Il futuro dell\u2019agricoltura pavese: a Mortara l\u2019assemblea di Cia Pavia"}]},{"@type":"WebSite","@id":"https:\/\/ciapavia.com\/#website","url":"https:\/\/ciapavia.com\/","name":"Cia Agricoltori Italiani Pavia","description":"La Cia-Agricoltori Italiani \u00e8 una delle maggiori organizzazioni di categoria d\u2019Europa che lavora per il miglioramento e la valorizzazione del settore primario e per la tutela delle condizioni dei suoi addetti","publisher":{"@id":"https:\/\/ciapavia.com\/#organization"},"alternateName":"La Cia-Agricoltori Italiani \u00e8 una delle maggiori organizzazioni di categoria d\u2019Europa che lavora per il miglioramento e la valorizzazione del settore primario e per la tutela delle condizioni dei suoi addetti","potentialAction":[{"@type":"SearchAction","target":{"@type":"EntryPoint","urlTemplate":"https:\/\/ciapavia.com\/?s={search_term_string}"},"query-input":{"@type":"PropertyValueSpecification","valueRequired":true,"valueName":"search_term_string"}}],"inLanguage":"it-IT"},{"@type":"Organization","@id":"https:\/\/ciapavia.com\/#organization","name":"Cia Pavia","alternateName":"Cia Pavia","url":"https:\/\/ciapavia.com\/","logo":{"@type":"ImageObject","inLanguage":"it-IT","@id":"https:\/\/ciapavia.com\/#\/schema\/logo\/image\/","url":"https:\/\/ciapavia.com\/wp-content\/uploads\/2022\/12\/cropped-cropped-logo_sito.png","contentUrl":"https:\/\/ciapavia.com\/wp-content\/uploads\/2022\/12\/cropped-cropped-logo_sito.png","width":720,"height":250,"caption":"Cia Pavia"},"image":{"@id":"https:\/\/ciapavia.com\/#\/schema\/logo\/image\/"},"sameAs":["https:\/\/www.facebook.com\/cia.provinciapavia"]},{"@type":"Person","@id":"https:\/\/ciapavia.com\/#\/schema\/person\/cb09bfde1754a08df071a37dd5d6bb32","name":"admin","sameAs":["https:\/\/ciapavia.com"],"url":"https:\/\/ciapavia.com\/index.php\/author\/viacovo\/"}]}},"_links":{"self":[{"href":"https:\/\/ciapavia.com\/index.php\/wp-json\/wp\/v2\/posts\/712","targetHints":{"allow":["GET"]}}],"collection":[{"href":"https:\/\/ciapavia.com\/index.php\/wp-json\/wp\/v2\/posts"}],"about":[{"href":"https:\/\/ciapavia.com\/index.php\/wp-json\/wp\/v2\/types\/post"}],"author":[{"embeddable":true,"href":"https:\/\/ciapavia.com\/index.php\/wp-json\/wp\/v2\/users\/1"}],"replies":[{"embeddable":true,"href":"https:\/\/ciapavia.com\/index.php\/wp-json\/wp\/v2\/comments?post=712"}],"version-history":[{"count":1,"href":"https:\/\/ciapavia.com\/index.php\/wp-json\/wp\/v2\/posts\/712\/revisions"}],"predecessor-version":[{"id":714,"href":"https:\/\/ciapavia.com\/index.php\/wp-json\/wp\/v2\/posts\/712\/revisions\/714"}],"wp:featuredmedia":[{"embeddable":true,"href":"https:\/\/ciapavia.com\/index.php\/wp-json\/wp\/v2\/media\/713"}],"wp:attachment":[{"href":"https:\/\/ciapavia.com\/index.php\/wp-json\/wp\/v2\/media?parent=712"}],"wp:term":[{"taxonomy":"category","embeddable":true,"href":"https:\/\/ciapavia.com\/index.php\/wp-json\/wp\/v2\/categories?post=712"},{"taxonomy":"post_tag","embeddable":true,"href":"https:\/\/ciapavia.com\/index.php\/wp-json\/wp\/v2\/tags?post=712"}],"curies":[{"name":"wp","href":"https:\/\/api.w.org\/{rel}","templated":true}]}}