{"id":379,"date":"2023-11-28T11:27:26","date_gmt":"2023-11-28T11:27:26","guid":{"rendered":"https:\/\/ciapavia.com\/?p=379"},"modified":"2023-11-28T14:42:16","modified_gmt":"2023-11-28T14:42:16","slug":"peste-suina-restrizioni-allentate-per-gli-allevamenti-in-provincia-di-pavia","status":"publish","type":"post","link":"https:\/\/ciapavia.com\/index.php\/2023\/11\/28\/peste-suina-restrizioni-allentate-per-gli-allevamenti-in-provincia-di-pavia\/","title":{"rendered":"Peste Suina: restrizioni allentate per gli allevamenti in provincia di Pavia"},"content":{"rendered":"\n<p>Dopo settimane di attesa, la Commissione europea ha finalmente ufficializzato un allentamento delle restrizioni che interessavano 172 Comuni della provincia di Pavia in seguito ai focolai di PSA-Peste Suina Africana registrati la scorsa estate.<\/p>\n\n\n\n<p>Il provvedimento sar\u00e0 esecutivo nei prossimi giorni, non appena pubblicato in Gazzetta Ufficiale. Alessandro Beduschi, assessore regionale all\u2019Agricoltura, Sovranit\u00e0 alimentare e Foreste, ha commentato: \u201cQuesta decisione permetter\u00e0 di revocare le attuali restrizioni sulla commercializzazione delle carni dei suini macellati, che ha determinato fortissime criticit\u00e0 nella gestione degli allevamenti nel Pavese. \u00c8 un primo passo per quello che ci auguriamo diventi un progressivo ritorno alla normalit\u00e0 per i nostri allevatori\u201d.<\/p>\n\n\n\n<p>Il provvedimento stabilisce che i Comuni che fino ad oggi erano compresi nella \u2018zona sorveglianza\u2019 entreranno in \u2018zona di restrizione 1\u2032, ci\u00f2 significa che saranno meno stringenti i vincoli e, cosa pi\u00f9 importante, ci sar\u00e0 la possibilit\u00e0 di reinserire nelle filiere i suini senza l\u2019obbligo di cottura delle carni o di stagionatura superiore ai 400 giorni.<\/p>\n\n\n\n<p>La Commissione Europea si \u00e8 peraltro complimentata con la Lombardia e il sistema Italia per essere stati in grado di reagire ad un evento di straordinario impatto sanitario, economico e mediatico, apprezzando l\u2019importante impegno e la seriet\u00e0 con cui sono state attuate le azioni finalizzate a contenere la malattia e le azioni correttive individuate per gestire le criticit\u00e0 evidenziate.<\/p>\n\n\n\n<p>Ma non \u00e8 ancora il momento di abbassare la guardia, come fa notare Beduschi: &nbsp;\u201cSappiamo tutti che questa malattia sta mettendo sotto pressione da anni il settore suinicolo di molti Paesi europei. Per questo continueremo con tutte le azioni utili al contrasto, che si declinano nelle misure di biosicurezza per gli allevamenti e nel contenimento dei cinghiali\u201c.<\/p>\n\n\n\n<figure class=\"wp-block-image size-full\"><img loading=\"lazy\" decoding=\"async\" width=\"750\" height=\"600\" src=\"https:\/\/ciapavia.com\/wp-content\/uploads\/2023\/11\/perste_suina.jpg\" alt=\"Peste Suina\" class=\"wp-image-382\" srcset=\"https:\/\/ciapavia.com\/wp-content\/uploads\/2023\/11\/perste_suina.jpg 750w, https:\/\/ciapavia.com\/wp-content\/uploads\/2023\/11\/perste_suina-300x240.jpg 300w\" sizes=\"auto, (max-width: 750px) 100vw, 750px\" \/><\/figure>\n","protected":false},"excerpt":{"rendered":"<p>Dopo settimane di attesa, la Commissione europea ha finalmente ufficializzato un allentamento delle restrizioni che interessavano 172 Comuni della provincia di Pavia in seguito ai focolai di PSA-Peste Suina Africana registrati la scorsa estate. Il provvedimento sar\u00e0 esecutivo nei prossimi giorni, non appena pubblicato in Gazzetta Ufficiale. Alessandro Beduschi, assessore regionale all\u2019Agricoltura, Sovranit\u00e0 alimentare e &#8230; <a href=\"https:\/\/ciapavia.com\/index.php\/2023\/11\/28\/peste-suina-restrizioni-allentate-per-gli-allevamenti-in-provincia-di-pavia\/\" class=\"more-link\">Read More <span class=\"screen-reader-text\">about  Peste Suina: restrizioni allentate per gli allevamenti in provincia di Pavia<\/span><\/a><\/p>\n","protected":false},"author":1,"featured_media":382,"comment_status":"closed","ping_status":"open","sticky":false,"template":"","format":"standard","meta":{"_genesis_hide_title":false,"_genesis_hide_breadcrumbs":false,"_genesis_hide_singular_image":false,"_genesis_hide_footer_widgets":false,"_genesis_custom_body_class":"","_genesis_custom_post_class":"","_genesis_layout":"","footnotes":""},"categories":[3],"tags":[],"class_list":{"0":"post-379","1":"post","2":"type-post","3":"status-publish","4":"format-standard","5":"has-post-thumbnail","7":"category-news","8":"entry"},"yoast_head":"<!-- This site is optimized with the Yoast SEO plugin v27.3 - https:\/\/yoast.com\/product\/yoast-seo-wordpress\/ -->\n<title>Peste Suina: restrizioni allentate per gli allevamenti in provincia di Pavia - Cia Agricoltori Italiani Pavia<\/title>\n<meta name=\"robots\" content=\"index, follow, max-snippet:-1, max-image-preview:large, max-video-preview:-1\" \/>\n<link rel=\"canonical\" href=\"https:\/\/ciapavia.com\/index.php\/2023\/11\/28\/peste-suina-restrizioni-allentate-per-gli-allevamenti-in-provincia-di-pavia\/\" \/>\n<meta property=\"og:locale\" content=\"it_IT\" \/>\n<meta property=\"og:type\" content=\"article\" \/>\n<meta property=\"og:title\" content=\"Peste Suina: restrizioni allentate per gli allevamenti in provincia di Pavia - Cia Agricoltori Italiani Pavia\" \/>\n<meta property=\"og:description\" content=\"Dopo settimane di attesa, la Commissione europea ha finalmente ufficializzato un allentamento delle restrizioni che interessavano 172 Comuni della provincia di Pavia in seguito ai focolai di PSA-Peste Suina Africana registrati la scorsa estate. Il provvedimento sar\u00e0 esecutivo nei prossimi giorni, non appena pubblicato in Gazzetta Ufficiale. Alessandro Beduschi, assessore regionale all\u2019Agricoltura, Sovranit\u00e0 alimentare e ... Read More about Peste Suina: restrizioni allentate per gli allevamenti in provincia di Pavia\" \/>\n<meta property=\"og:url\" content=\"https:\/\/ciapavia.com\/index.php\/2023\/11\/28\/peste-suina-restrizioni-allentate-per-gli-allevamenti-in-provincia-di-pavia\/\" \/>\n<meta property=\"og:site_name\" content=\"Cia Agricoltori Italiani Pavia\" \/>\n<meta property=\"article:publisher\" content=\"https:\/\/www.facebook.com\/cia.provinciapavia\" \/>\n<meta property=\"article:published_time\" content=\"2023-11-28T11:27:26+00:00\" \/>\n<meta property=\"article:modified_time\" content=\"2023-11-28T14:42:16+00:00\" \/>\n<meta property=\"og:image\" content=\"https:\/\/ciapavia.com\/wp-content\/uploads\/2023\/11\/perste_suina.jpg\" \/>\n\t<meta property=\"og:image:width\" content=\"750\" \/>\n\t<meta property=\"og:image:height\" content=\"600\" \/>\n\t<meta property=\"og:image:type\" content=\"image\/jpeg\" \/>\n<meta name=\"author\" content=\"admin\" \/>\n<meta name=\"twitter:card\" content=\"summary_large_image\" \/>\n<meta name=\"twitter:label1\" content=\"Scritto da\" \/>\n\t<meta name=\"twitter:data1\" content=\"admin\" \/>\n\t<meta name=\"twitter:label2\" content=\"Tempo di lettura stimato\" \/>\n\t<meta name=\"twitter:data2\" content=\"2 minuti\" \/>\n<script type=\"application\/ld+json\" class=\"yoast-schema-graph\">{\"@context\":\"https:\\\/\\\/schema.org\",\"@graph\":[{\"@type\":\"Article\",\"@id\":\"https:\\\/\\\/ciapavia.com\\\/index.php\\\/2023\\\/11\\\/28\\\/peste-suina-restrizioni-allentate-per-gli-allevamenti-in-provincia-di-pavia\\\/#article\",\"isPartOf\":{\"@id\":\"https:\\\/\\\/ciapavia.com\\\/index.php\\\/2023\\\/11\\\/28\\\/peste-suina-restrizioni-allentate-per-gli-allevamenti-in-provincia-di-pavia\\\/\"},\"author\":{\"name\":\"admin\",\"@id\":\"https:\\\/\\\/ciapavia.com\\\/#\\\/schema\\\/person\\\/cb09bfde1754a08df071a37dd5d6bb32\"},\"headline\":\"Peste Suina: restrizioni allentate per gli allevamenti in provincia di Pavia\",\"datePublished\":\"2023-11-28T11:27:26+00:00\",\"dateModified\":\"2023-11-28T14:42:16+00:00\",\"mainEntityOfPage\":{\"@id\":\"https:\\\/\\\/ciapavia.com\\\/index.php\\\/2023\\\/11\\\/28\\\/peste-suina-restrizioni-allentate-per-gli-allevamenti-in-provincia-di-pavia\\\/\"},\"wordCount\":284,\"publisher\":{\"@id\":\"https:\\\/\\\/ciapavia.com\\\/#organization\"},\"image\":{\"@id\":\"https:\\\/\\\/ciapavia.com\\\/index.php\\\/2023\\\/11\\\/28\\\/peste-suina-restrizioni-allentate-per-gli-allevamenti-in-provincia-di-pavia\\\/#primaryimage\"},\"thumbnailUrl\":\"https:\\\/\\\/ciapavia.com\\\/wp-content\\\/uploads\\\/2023\\\/11\\\/perste_suina.jpg\",\"articleSection\":[\"News\"],\"inLanguage\":\"it-IT\"},{\"@type\":\"WebPage\",\"@id\":\"https:\\\/\\\/ciapavia.com\\\/index.php\\\/2023\\\/11\\\/28\\\/peste-suina-restrizioni-allentate-per-gli-allevamenti-in-provincia-di-pavia\\\/\",\"url\":\"https:\\\/\\\/ciapavia.com\\\/index.php\\\/2023\\\/11\\\/28\\\/peste-suina-restrizioni-allentate-per-gli-allevamenti-in-provincia-di-pavia\\\/\",\"name\":\"Peste Suina: restrizioni allentate per gli allevamenti in provincia di Pavia - Cia Agricoltori Italiani Pavia\",\"isPartOf\":{\"@id\":\"https:\\\/\\\/ciapavia.com\\\/#website\"},\"primaryImageOfPage\":{\"@id\":\"https:\\\/\\\/ciapavia.com\\\/index.php\\\/2023\\\/11\\\/28\\\/peste-suina-restrizioni-allentate-per-gli-allevamenti-in-provincia-di-pavia\\\/#primaryimage\"},\"image\":{\"@id\":\"https:\\\/\\\/ciapavia.com\\\/index.php\\\/2023\\\/11\\\/28\\\/peste-suina-restrizioni-allentate-per-gli-allevamenti-in-provincia-di-pavia\\\/#primaryimage\"},\"thumbnailUrl\":\"https:\\\/\\\/ciapavia.com\\\/wp-content\\\/uploads\\\/2023\\\/11\\\/perste_suina.jpg\",\"datePublished\":\"2023-11-28T11:27:26+00:00\",\"dateModified\":\"2023-11-28T14:42:16+00:00\",\"breadcrumb\":{\"@id\":\"https:\\\/\\\/ciapavia.com\\\/index.php\\\/2023\\\/11\\\/28\\\/peste-suina-restrizioni-allentate-per-gli-allevamenti-in-provincia-di-pavia\\\/#breadcrumb\"},\"inLanguage\":\"it-IT\",\"potentialAction\":[{\"@type\":\"ReadAction\",\"target\":[\"https:\\\/\\\/ciapavia.com\\\/index.php\\\/2023\\\/11\\\/28\\\/peste-suina-restrizioni-allentate-per-gli-allevamenti-in-provincia-di-pavia\\\/\"]}]},{\"@type\":\"ImageObject\",\"inLanguage\":\"it-IT\",\"@id\":\"https:\\\/\\\/ciapavia.com\\\/index.php\\\/2023\\\/11\\\/28\\\/peste-suina-restrizioni-allentate-per-gli-allevamenti-in-provincia-di-pavia\\\/#primaryimage\",\"url\":\"https:\\\/\\\/ciapavia.com\\\/wp-content\\\/uploads\\\/2023\\\/11\\\/perste_suina.jpg\",\"contentUrl\":\"https:\\\/\\\/ciapavia.com\\\/wp-content\\\/uploads\\\/2023\\\/11\\\/perste_suina.jpg\",\"width\":750,\"height\":600,\"caption\":\"Peste Suina\"},{\"@type\":\"BreadcrumbList\",\"@id\":\"https:\\\/\\\/ciapavia.com\\\/index.php\\\/2023\\\/11\\\/28\\\/peste-suina-restrizioni-allentate-per-gli-allevamenti-in-provincia-di-pavia\\\/#breadcrumb\",\"itemListElement\":[{\"@type\":\"ListItem\",\"position\":1,\"name\":\"Home\",\"item\":\"https:\\\/\\\/ciapavia.com\\\/\"},{\"@type\":\"ListItem\",\"position\":2,\"name\":\"Peste Suina: restrizioni allentate per gli allevamenti in provincia di Pavia\"}]},{\"@type\":\"WebSite\",\"@id\":\"https:\\\/\\\/ciapavia.com\\\/#website\",\"url\":\"https:\\\/\\\/ciapavia.com\\\/\",\"name\":\"Cia Agricoltori Italiani Pavia\",\"description\":\"La Cia-Agricoltori Italiani \u00e8 una delle maggiori organizzazioni di categoria d\u2019Europa che lavora per il miglioramento e la valorizzazione del settore primario e per la tutela delle condizioni dei suoi addetti\",\"publisher\":{\"@id\":\"https:\\\/\\\/ciapavia.com\\\/#organization\"},\"alternateName\":\"La Cia-Agricoltori Italiani \u00e8 una delle maggiori organizzazioni di categoria d\u2019Europa che lavora per il miglioramento e la valorizzazione del settore primario e per la tutela delle condizioni dei suoi addetti\",\"potentialAction\":[{\"@type\":\"SearchAction\",\"target\":{\"@type\":\"EntryPoint\",\"urlTemplate\":\"https:\\\/\\\/ciapavia.com\\\/?s={search_term_string}\"},\"query-input\":{\"@type\":\"PropertyValueSpecification\",\"valueRequired\":true,\"valueName\":\"search_term_string\"}}],\"inLanguage\":\"it-IT\"},{\"@type\":\"Organization\",\"@id\":\"https:\\\/\\\/ciapavia.com\\\/#organization\",\"name\":\"Cia Pavia\",\"alternateName\":\"Cia Pavia\",\"url\":\"https:\\\/\\\/ciapavia.com\\\/\",\"logo\":{\"@type\":\"ImageObject\",\"inLanguage\":\"it-IT\",\"@id\":\"https:\\\/\\\/ciapavia.com\\\/#\\\/schema\\\/logo\\\/image\\\/\",\"url\":\"https:\\\/\\\/ciapavia.com\\\/wp-content\\\/uploads\\\/2022\\\/12\\\/cropped-cropped-logo_sito.png\",\"contentUrl\":\"https:\\\/\\\/ciapavia.com\\\/wp-content\\\/uploads\\\/2022\\\/12\\\/cropped-cropped-logo_sito.png\",\"width\":720,\"height\":250,\"caption\":\"Cia Pavia\"},\"image\":{\"@id\":\"https:\\\/\\\/ciapavia.com\\\/#\\\/schema\\\/logo\\\/image\\\/\"},\"sameAs\":[\"https:\\\/\\\/www.facebook.com\\\/cia.provinciapavia\"]},{\"@type\":\"Person\",\"@id\":\"https:\\\/\\\/ciapavia.com\\\/#\\\/schema\\\/person\\\/cb09bfde1754a08df071a37dd5d6bb32\",\"name\":\"admin\",\"sameAs\":[\"https:\\\/\\\/ciapavia.com\"],\"url\":\"https:\\\/\\\/ciapavia.com\\\/index.php\\\/author\\\/viacovo\\\/\"}]}<\/script>\n<!-- \/ Yoast SEO plugin. -->","yoast_head_json":{"title":"Peste Suina: restrizioni allentate per gli allevamenti in provincia di Pavia - Cia Agricoltori Italiani Pavia","robots":{"index":"index","follow":"follow","max-snippet":"max-snippet:-1","max-image-preview":"max-image-preview:large","max-video-preview":"max-video-preview:-1"},"canonical":"https:\/\/ciapavia.com\/index.php\/2023\/11\/28\/peste-suina-restrizioni-allentate-per-gli-allevamenti-in-provincia-di-pavia\/","og_locale":"it_IT","og_type":"article","og_title":"Peste Suina: restrizioni allentate per gli allevamenti in provincia di Pavia - Cia Agricoltori Italiani Pavia","og_description":"Dopo settimane di attesa, la Commissione europea ha finalmente ufficializzato un allentamento delle restrizioni che interessavano 172 Comuni della provincia di Pavia in seguito ai focolai di PSA-Peste Suina Africana registrati la scorsa estate. Il provvedimento sar\u00e0 esecutivo nei prossimi giorni, non appena pubblicato in Gazzetta Ufficiale. Alessandro Beduschi, assessore regionale all\u2019Agricoltura, Sovranit\u00e0 alimentare e ... Read More about Peste Suina: restrizioni allentate per gli allevamenti in provincia di Pavia","og_url":"https:\/\/ciapavia.com\/index.php\/2023\/11\/28\/peste-suina-restrizioni-allentate-per-gli-allevamenti-in-provincia-di-pavia\/","og_site_name":"Cia Agricoltori Italiani Pavia","article_publisher":"https:\/\/www.facebook.com\/cia.provinciapavia","article_published_time":"2023-11-28T11:27:26+00:00","article_modified_time":"2023-11-28T14:42:16+00:00","og_image":[{"width":750,"height":600,"url":"https:\/\/ciapavia.com\/wp-content\/uploads\/2023\/11\/perste_suina.jpg","type":"image\/jpeg"}],"author":"admin","twitter_card":"summary_large_image","twitter_misc":{"Scritto da":"admin","Tempo di lettura stimato":"2 minuti"},"schema":{"@context":"https:\/\/schema.org","@graph":[{"@type":"Article","@id":"https:\/\/ciapavia.com\/index.php\/2023\/11\/28\/peste-suina-restrizioni-allentate-per-gli-allevamenti-in-provincia-di-pavia\/#article","isPartOf":{"@id":"https:\/\/ciapavia.com\/index.php\/2023\/11\/28\/peste-suina-restrizioni-allentate-per-gli-allevamenti-in-provincia-di-pavia\/"},"author":{"name":"admin","@id":"https:\/\/ciapavia.com\/#\/schema\/person\/cb09bfde1754a08df071a37dd5d6bb32"},"headline":"Peste Suina: restrizioni allentate per gli allevamenti in provincia di Pavia","datePublished":"2023-11-28T11:27:26+00:00","dateModified":"2023-11-28T14:42:16+00:00","mainEntityOfPage":{"@id":"https:\/\/ciapavia.com\/index.php\/2023\/11\/28\/peste-suina-restrizioni-allentate-per-gli-allevamenti-in-provincia-di-pavia\/"},"wordCount":284,"publisher":{"@id":"https:\/\/ciapavia.com\/#organization"},"image":{"@id":"https:\/\/ciapavia.com\/index.php\/2023\/11\/28\/peste-suina-restrizioni-allentate-per-gli-allevamenti-in-provincia-di-pavia\/#primaryimage"},"thumbnailUrl":"https:\/\/ciapavia.com\/wp-content\/uploads\/2023\/11\/perste_suina.jpg","articleSection":["News"],"inLanguage":"it-IT"},{"@type":"WebPage","@id":"https:\/\/ciapavia.com\/index.php\/2023\/11\/28\/peste-suina-restrizioni-allentate-per-gli-allevamenti-in-provincia-di-pavia\/","url":"https:\/\/ciapavia.com\/index.php\/2023\/11\/28\/peste-suina-restrizioni-allentate-per-gli-allevamenti-in-provincia-di-pavia\/","name":"Peste Suina: restrizioni allentate per gli allevamenti in provincia di Pavia - Cia Agricoltori Italiani Pavia","isPartOf":{"@id":"https:\/\/ciapavia.com\/#website"},"primaryImageOfPage":{"@id":"https:\/\/ciapavia.com\/index.php\/2023\/11\/28\/peste-suina-restrizioni-allentate-per-gli-allevamenti-in-provincia-di-pavia\/#primaryimage"},"image":{"@id":"https:\/\/ciapavia.com\/index.php\/2023\/11\/28\/peste-suina-restrizioni-allentate-per-gli-allevamenti-in-provincia-di-pavia\/#primaryimage"},"thumbnailUrl":"https:\/\/ciapavia.com\/wp-content\/uploads\/2023\/11\/perste_suina.jpg","datePublished":"2023-11-28T11:27:26+00:00","dateModified":"2023-11-28T14:42:16+00:00","breadcrumb":{"@id":"https:\/\/ciapavia.com\/index.php\/2023\/11\/28\/peste-suina-restrizioni-allentate-per-gli-allevamenti-in-provincia-di-pavia\/#breadcrumb"},"inLanguage":"it-IT","potentialAction":[{"@type":"ReadAction","target":["https:\/\/ciapavia.com\/index.php\/2023\/11\/28\/peste-suina-restrizioni-allentate-per-gli-allevamenti-in-provincia-di-pavia\/"]}]},{"@type":"ImageObject","inLanguage":"it-IT","@id":"https:\/\/ciapavia.com\/index.php\/2023\/11\/28\/peste-suina-restrizioni-allentate-per-gli-allevamenti-in-provincia-di-pavia\/#primaryimage","url":"https:\/\/ciapavia.com\/wp-content\/uploads\/2023\/11\/perste_suina.jpg","contentUrl":"https:\/\/ciapavia.com\/wp-content\/uploads\/2023\/11\/perste_suina.jpg","width":750,"height":600,"caption":"Peste Suina"},{"@type":"BreadcrumbList","@id":"https:\/\/ciapavia.com\/index.php\/2023\/11\/28\/peste-suina-restrizioni-allentate-per-gli-allevamenti-in-provincia-di-pavia\/#breadcrumb","itemListElement":[{"@type":"ListItem","position":1,"name":"Home","item":"https:\/\/ciapavia.com\/"},{"@type":"ListItem","position":2,"name":"Peste Suina: restrizioni allentate per gli allevamenti in provincia di Pavia"}]},{"@type":"WebSite","@id":"https:\/\/ciapavia.com\/#website","url":"https:\/\/ciapavia.com\/","name":"Cia Agricoltori Italiani Pavia","description":"La Cia-Agricoltori Italiani \u00e8 una delle maggiori organizzazioni di categoria d\u2019Europa che lavora per il miglioramento e la valorizzazione del settore primario e per la tutela delle condizioni dei suoi addetti","publisher":{"@id":"https:\/\/ciapavia.com\/#organization"},"alternateName":"La Cia-Agricoltori Italiani \u00e8 una delle maggiori organizzazioni di categoria d\u2019Europa che lavora per il miglioramento e la valorizzazione del settore primario e per la tutela delle condizioni dei suoi addetti","potentialAction":[{"@type":"SearchAction","target":{"@type":"EntryPoint","urlTemplate":"https:\/\/ciapavia.com\/?s={search_term_string}"},"query-input":{"@type":"PropertyValueSpecification","valueRequired":true,"valueName":"search_term_string"}}],"inLanguage":"it-IT"},{"@type":"Organization","@id":"https:\/\/ciapavia.com\/#organization","name":"Cia Pavia","alternateName":"Cia Pavia","url":"https:\/\/ciapavia.com\/","logo":{"@type":"ImageObject","inLanguage":"it-IT","@id":"https:\/\/ciapavia.com\/#\/schema\/logo\/image\/","url":"https:\/\/ciapavia.com\/wp-content\/uploads\/2022\/12\/cropped-cropped-logo_sito.png","contentUrl":"https:\/\/ciapavia.com\/wp-content\/uploads\/2022\/12\/cropped-cropped-logo_sito.png","width":720,"height":250,"caption":"Cia Pavia"},"image":{"@id":"https:\/\/ciapavia.com\/#\/schema\/logo\/image\/"},"sameAs":["https:\/\/www.facebook.com\/cia.provinciapavia"]},{"@type":"Person","@id":"https:\/\/ciapavia.com\/#\/schema\/person\/cb09bfde1754a08df071a37dd5d6bb32","name":"admin","sameAs":["https:\/\/ciapavia.com"],"url":"https:\/\/ciapavia.com\/index.php\/author\/viacovo\/"}]}},"_links":{"self":[{"href":"https:\/\/ciapavia.com\/index.php\/wp-json\/wp\/v2\/posts\/379","targetHints":{"allow":["GET"]}}],"collection":[{"href":"https:\/\/ciapavia.com\/index.php\/wp-json\/wp\/v2\/posts"}],"about":[{"href":"https:\/\/ciapavia.com\/index.php\/wp-json\/wp\/v2\/types\/post"}],"author":[{"embeddable":true,"href":"https:\/\/ciapavia.com\/index.php\/wp-json\/wp\/v2\/users\/1"}],"replies":[{"embeddable":true,"href":"https:\/\/ciapavia.com\/index.php\/wp-json\/wp\/v2\/comments?post=379"}],"version-history":[{"count":2,"href":"https:\/\/ciapavia.com\/index.php\/wp-json\/wp\/v2\/posts\/379\/revisions"}],"predecessor-version":[{"id":383,"href":"https:\/\/ciapavia.com\/index.php\/wp-json\/wp\/v2\/posts\/379\/revisions\/383"}],"wp:featuredmedia":[{"embeddable":true,"href":"https:\/\/ciapavia.com\/index.php\/wp-json\/wp\/v2\/media\/382"}],"wp:attachment":[{"href":"https:\/\/ciapavia.com\/index.php\/wp-json\/wp\/v2\/media?parent=379"}],"wp:term":[{"taxonomy":"category","embeddable":true,"href":"https:\/\/ciapavia.com\/index.php\/wp-json\/wp\/v2\/categories?post=379"},{"taxonomy":"post_tag","embeddable":true,"href":"https:\/\/ciapavia.com\/index.php\/wp-json\/wp\/v2\/tags?post=379"}],"curies":[{"name":"wp","href":"https:\/\/api.w.org\/{rel}","templated":true}]}}