{"id":374,"date":"2023-11-23T15:16:42","date_gmt":"2023-11-23T15:16:42","guid":{"rendered":"https:\/\/ciapavia.com\/?p=374"},"modified":"2023-11-28T11:28:39","modified_gmt":"2023-11-28T11:28:39","slug":"caf-cia-compie-30-anni-una-due-giorni-con-le-istituzioni-e-la-rappresentanza","status":"publish","type":"post","link":"https:\/\/ciapavia.com\/index.php\/2023\/11\/23\/caf-cia-compie-30-anni-una-due-giorni-con-le-istituzioni-e-la-rappresentanza\/","title":{"rendered":"Caf Cia compie 30 anni, una due giorni con le istituzioni e la rappresentanza"},"content":{"rendered":"\n<p>Alla due giorni con le istituzioni e la rappresentanza anche il presidente nazionale Cristiano Fini.<br>Il Caf, Centro di Assistenza fiscale di Cia-Agricoltori Italiani festeggia trent\u2019anni e d\u00e0 appuntamento alla VI edizione del convegno con le societ\u00e0 convenzionate in agenda, a Roma, per mercoled\u00ec e gioved\u00ec, 22 e 23 novembre presso Sala meeting \u201cLoggia dei Signori\u201d dello Sheraton Parco de\u2019 Medici (Via Salvatore Rebecchini, 39).<\/p>\n\n\n\n<p>Come da programma, dopo le registrazioni dei partecipanti, alle 10 di mercoled\u00ec 22 novembre, l\u2019apertura dei lavori con la moderazione di Paola Santeramo, componente del CdA Caf-Cia, e l\u2019introduzione di Nicola Antonio Sichetti e Corrado Tei, presidente e direttore CAF-Cia.<br>Poi, l\u2019avvio della Prima Sessione su: \u201cI Caf e gli altri intermediari della Pubblica Amministrazione ruoli e prospettive, nell\u2019ottica delle riforme fiscali ed assistenziali\u201d con l\u2019intervento, a seguire, di Sandra Savino, sottosegretario ministero dell\u2019Economia e delle Finanze; Rocco Lauria, direttore centrale Inclusione e invalidit\u00e0 civile; Giovanni Angileri, coordinatore della Consulta Nazionale dei Caf e con le conclusioni del direttore Caf-Cia Tei. \u201c1993\/2023 \u2013 30 anni al fianco dei contribuenti\u201d al centro, invece, della Seconda Sessione, alle 15:15, con Nicola Antonio Sichetti, presidente del Caf-Cia, le testimonianze e riconoscimenti.<\/p>\n\n\n\n<figure class=\"wp-block-image size-full\"><img loading=\"lazy\" decoding=\"async\" width=\"750\" height=\"600\" src=\"https:\/\/ciapavia.com\/wp-content\/uploads\/2023\/11\/cia_pavia.jpg\" alt=\"Caf Cia compie 30 anni\" class=\"wp-image-375\" srcset=\"https:\/\/ciapavia.com\/wp-content\/uploads\/2023\/11\/cia_pavia.jpg 750w, https:\/\/ciapavia.com\/wp-content\/uploads\/2023\/11\/cia_pavia-300x240.jpg 300w\" sizes=\"auto, (max-width: 750px) 100vw, 750px\" \/><\/figure>\n\n\n\n<p>La giornata chiuder\u00e0, alle 19, con le conclusioni del presidente nazionale di Cia, Cristiano Fini.<\/p>\n\n\n\n<p>Sessione unica, il giorno seguente, gioved\u00ec 23 novembre dalle 9.30, con l&#8217;\u201dAnalisi dell\u2019attivit\u00e0 dei servizi svolti da Caf; sviluppo, iniziative promozionali\/pubblicitarie, organizzazione delle attivit\u00e0\u201d. Partecipano Corrado Tei, direttore CAF-Cia; Alessandro Mastrocinque, presidente Patronato Inac-Cia; Alessandro Del Carlo, presidente Anp-Cia, e Corrado Franci, responsabile nazionale sviluppo servizi alla persona.<\/p>\n\n\n\n<p>Alle 12.45 le conclusione dei lavori con Maurizio Scaccia, direttore nazionale di Cia.<\/p>\n","protected":false},"excerpt":{"rendered":"<p>Alla due giorni con le istituzioni e la rappresentanza anche il presidente nazionale Cristiano Fini.Il Caf, Centro di Assistenza fiscale di Cia-Agricoltori Italiani festeggia trent\u2019anni e d\u00e0 appuntamento alla VI edizione del convegno con le societ\u00e0 convenzionate in agenda, a Roma, per mercoled\u00ec e gioved\u00ec, 22 e 23 novembre presso Sala meeting \u201cLoggia dei Signori\u201d &#8230; <a href=\"https:\/\/ciapavia.com\/index.php\/2023\/11\/23\/caf-cia-compie-30-anni-una-due-giorni-con-le-istituzioni-e-la-rappresentanza\/\" class=\"more-link\">Read More <span class=\"screen-reader-text\">about  Caf Cia compie 30 anni, una due giorni con le istituzioni e la rappresentanza<\/span><\/a><\/p>\n","protected":false},"author":1,"featured_media":375,"comment_status":"closed","ping_status":"open","sticky":false,"template":"","format":"standard","meta":{"_genesis_hide_title":false,"_genesis_hide_breadcrumbs":false,"_genesis_hide_singular_image":false,"_genesis_hide_footer_widgets":false,"_genesis_custom_body_class":"","_genesis_custom_post_class":"","_genesis_layout":"","footnotes":""},"categories":[4,3],"tags":[],"class_list":{"0":"post-374","1":"post","2":"type-post","3":"status-publish","4":"format-standard","5":"has-post-thumbnail","7":"category-categoria-1","8":"category-news","9":"entry"},"yoast_head":"<!-- This site is optimized with the Yoast SEO plugin v27.3 - https:\/\/yoast.com\/product\/yoast-seo-wordpress\/ -->\n<title>Caf Cia compie 30 anni, una due giorni con le istituzioni e la rappresentanza - Cia Agricoltori Italiani Pavia<\/title>\n<meta name=\"robots\" content=\"index, follow, max-snippet:-1, max-image-preview:large, max-video-preview:-1\" \/>\n<link rel=\"canonical\" href=\"https:\/\/ciapavia.com\/index.php\/2023\/11\/23\/caf-cia-compie-30-anni-una-due-giorni-con-le-istituzioni-e-la-rappresentanza\/\" \/>\n<meta property=\"og:locale\" content=\"it_IT\" \/>\n<meta property=\"og:type\" content=\"article\" \/>\n<meta property=\"og:title\" content=\"Caf Cia compie 30 anni, una due giorni con le istituzioni e la rappresentanza - Cia Agricoltori Italiani Pavia\" \/>\n<meta property=\"og:description\" content=\"Alla due giorni con le istituzioni e la rappresentanza anche il presidente nazionale Cristiano Fini.Il Caf, Centro di Assistenza fiscale di Cia-Agricoltori Italiani festeggia trent\u2019anni e d\u00e0 appuntamento alla VI edizione del convegno con le societ\u00e0 convenzionate in agenda, a Roma, per mercoled\u00ec e gioved\u00ec, 22 e 23 novembre presso Sala meeting \u201cLoggia dei Signori\u201d ... Read More about Caf Cia compie 30 anni, una due giorni con le istituzioni e la rappresentanza\" \/>\n<meta property=\"og:url\" content=\"https:\/\/ciapavia.com\/index.php\/2023\/11\/23\/caf-cia-compie-30-anni-una-due-giorni-con-le-istituzioni-e-la-rappresentanza\/\" \/>\n<meta property=\"og:site_name\" content=\"Cia Agricoltori Italiani Pavia\" \/>\n<meta property=\"article:publisher\" content=\"https:\/\/www.facebook.com\/cia.provinciapavia\" \/>\n<meta property=\"article:published_time\" content=\"2023-11-23T15:16:42+00:00\" \/>\n<meta property=\"article:modified_time\" content=\"2023-11-28T11:28:39+00:00\" \/>\n<meta property=\"og:image\" content=\"https:\/\/ciapavia.com\/wp-content\/uploads\/2023\/11\/cia_pavia.jpg\" \/>\n\t<meta property=\"og:image:width\" content=\"750\" \/>\n\t<meta property=\"og:image:height\" content=\"600\" \/>\n\t<meta property=\"og:image:type\" content=\"image\/jpeg\" \/>\n<meta name=\"author\" content=\"admin\" \/>\n<meta name=\"twitter:card\" content=\"summary_large_image\" \/>\n<meta name=\"twitter:label1\" content=\"Scritto da\" \/>\n\t<meta name=\"twitter:data1\" content=\"admin\" \/>\n\t<meta name=\"twitter:label2\" content=\"Tempo di lettura stimato\" \/>\n\t<meta name=\"twitter:data2\" content=\"2 minuti\" \/>\n<script type=\"application\/ld+json\" class=\"yoast-schema-graph\">{\"@context\":\"https:\\\/\\\/schema.org\",\"@graph\":[{\"@type\":\"Article\",\"@id\":\"https:\\\/\\\/ciapavia.com\\\/index.php\\\/2023\\\/11\\\/23\\\/caf-cia-compie-30-anni-una-due-giorni-con-le-istituzioni-e-la-rappresentanza\\\/#article\",\"isPartOf\":{\"@id\":\"https:\\\/\\\/ciapavia.com\\\/index.php\\\/2023\\\/11\\\/23\\\/caf-cia-compie-30-anni-una-due-giorni-con-le-istituzioni-e-la-rappresentanza\\\/\"},\"author\":{\"name\":\"admin\",\"@id\":\"https:\\\/\\\/ciapavia.com\\\/#\\\/schema\\\/person\\\/cb09bfde1754a08df071a37dd5d6bb32\"},\"headline\":\"Caf Cia compie 30 anni, una due giorni con le istituzioni e la rappresentanza\",\"datePublished\":\"2023-11-23T15:16:42+00:00\",\"dateModified\":\"2023-11-28T11:28:39+00:00\",\"mainEntityOfPage\":{\"@id\":\"https:\\\/\\\/ciapavia.com\\\/index.php\\\/2023\\\/11\\\/23\\\/caf-cia-compie-30-anni-una-due-giorni-con-le-istituzioni-e-la-rappresentanza\\\/\"},\"wordCount\":279,\"publisher\":{\"@id\":\"https:\\\/\\\/ciapavia.com\\\/#organization\"},\"image\":{\"@id\":\"https:\\\/\\\/ciapavia.com\\\/index.php\\\/2023\\\/11\\\/23\\\/caf-cia-compie-30-anni-una-due-giorni-con-le-istituzioni-e-la-rappresentanza\\\/#primaryimage\"},\"thumbnailUrl\":\"https:\\\/\\\/ciapavia.com\\\/wp-content\\\/uploads\\\/2023\\\/11\\\/cia_pavia.jpg\",\"articleSection\":[\"Categoria 1\",\"News\"],\"inLanguage\":\"it-IT\"},{\"@type\":\"WebPage\",\"@id\":\"https:\\\/\\\/ciapavia.com\\\/index.php\\\/2023\\\/11\\\/23\\\/caf-cia-compie-30-anni-una-due-giorni-con-le-istituzioni-e-la-rappresentanza\\\/\",\"url\":\"https:\\\/\\\/ciapavia.com\\\/index.php\\\/2023\\\/11\\\/23\\\/caf-cia-compie-30-anni-una-due-giorni-con-le-istituzioni-e-la-rappresentanza\\\/\",\"name\":\"Caf Cia compie 30 anni, una due giorni con le istituzioni e la rappresentanza - Cia Agricoltori Italiani Pavia\",\"isPartOf\":{\"@id\":\"https:\\\/\\\/ciapavia.com\\\/#website\"},\"primaryImageOfPage\":{\"@id\":\"https:\\\/\\\/ciapavia.com\\\/index.php\\\/2023\\\/11\\\/23\\\/caf-cia-compie-30-anni-una-due-giorni-con-le-istituzioni-e-la-rappresentanza\\\/#primaryimage\"},\"image\":{\"@id\":\"https:\\\/\\\/ciapavia.com\\\/index.php\\\/2023\\\/11\\\/23\\\/caf-cia-compie-30-anni-una-due-giorni-con-le-istituzioni-e-la-rappresentanza\\\/#primaryimage\"},\"thumbnailUrl\":\"https:\\\/\\\/ciapavia.com\\\/wp-content\\\/uploads\\\/2023\\\/11\\\/cia_pavia.jpg\",\"datePublished\":\"2023-11-23T15:16:42+00:00\",\"dateModified\":\"2023-11-28T11:28:39+00:00\",\"breadcrumb\":{\"@id\":\"https:\\\/\\\/ciapavia.com\\\/index.php\\\/2023\\\/11\\\/23\\\/caf-cia-compie-30-anni-una-due-giorni-con-le-istituzioni-e-la-rappresentanza\\\/#breadcrumb\"},\"inLanguage\":\"it-IT\",\"potentialAction\":[{\"@type\":\"ReadAction\",\"target\":[\"https:\\\/\\\/ciapavia.com\\\/index.php\\\/2023\\\/11\\\/23\\\/caf-cia-compie-30-anni-una-due-giorni-con-le-istituzioni-e-la-rappresentanza\\\/\"]}]},{\"@type\":\"ImageObject\",\"inLanguage\":\"it-IT\",\"@id\":\"https:\\\/\\\/ciapavia.com\\\/index.php\\\/2023\\\/11\\\/23\\\/caf-cia-compie-30-anni-una-due-giorni-con-le-istituzioni-e-la-rappresentanza\\\/#primaryimage\",\"url\":\"https:\\\/\\\/ciapavia.com\\\/wp-content\\\/uploads\\\/2023\\\/11\\\/cia_pavia.jpg\",\"contentUrl\":\"https:\\\/\\\/ciapavia.com\\\/wp-content\\\/uploads\\\/2023\\\/11\\\/cia_pavia.jpg\",\"width\":750,\"height\":600},{\"@type\":\"BreadcrumbList\",\"@id\":\"https:\\\/\\\/ciapavia.com\\\/index.php\\\/2023\\\/11\\\/23\\\/caf-cia-compie-30-anni-una-due-giorni-con-le-istituzioni-e-la-rappresentanza\\\/#breadcrumb\",\"itemListElement\":[{\"@type\":\"ListItem\",\"position\":1,\"name\":\"Home\",\"item\":\"https:\\\/\\\/ciapavia.com\\\/\"},{\"@type\":\"ListItem\",\"position\":2,\"name\":\"Caf Cia compie 30 anni, una due giorni con le istituzioni e la rappresentanza\"}]},{\"@type\":\"WebSite\",\"@id\":\"https:\\\/\\\/ciapavia.com\\\/#website\",\"url\":\"https:\\\/\\\/ciapavia.com\\\/\",\"name\":\"Cia Agricoltori Italiani Pavia\",\"description\":\"La Cia-Agricoltori Italiani \u00e8 una delle maggiori organizzazioni di categoria d\u2019Europa che lavora per il miglioramento e la valorizzazione del settore primario e per la tutela delle condizioni dei suoi addetti\",\"publisher\":{\"@id\":\"https:\\\/\\\/ciapavia.com\\\/#organization\"},\"alternateName\":\"La Cia-Agricoltori Italiani \u00e8 una delle maggiori organizzazioni di categoria d\u2019Europa che lavora per il miglioramento e la valorizzazione del settore primario e per la tutela delle condizioni dei suoi addetti\",\"potentialAction\":[{\"@type\":\"SearchAction\",\"target\":{\"@type\":\"EntryPoint\",\"urlTemplate\":\"https:\\\/\\\/ciapavia.com\\\/?s={search_term_string}\"},\"query-input\":{\"@type\":\"PropertyValueSpecification\",\"valueRequired\":true,\"valueName\":\"search_term_string\"}}],\"inLanguage\":\"it-IT\"},{\"@type\":\"Organization\",\"@id\":\"https:\\\/\\\/ciapavia.com\\\/#organization\",\"name\":\"Cia Pavia\",\"alternateName\":\"Cia Pavia\",\"url\":\"https:\\\/\\\/ciapavia.com\\\/\",\"logo\":{\"@type\":\"ImageObject\",\"inLanguage\":\"it-IT\",\"@id\":\"https:\\\/\\\/ciapavia.com\\\/#\\\/schema\\\/logo\\\/image\\\/\",\"url\":\"https:\\\/\\\/ciapavia.com\\\/wp-content\\\/uploads\\\/2022\\\/12\\\/cropped-cropped-logo_sito.png\",\"contentUrl\":\"https:\\\/\\\/ciapavia.com\\\/wp-content\\\/uploads\\\/2022\\\/12\\\/cropped-cropped-logo_sito.png\",\"width\":720,\"height\":250,\"caption\":\"Cia Pavia\"},\"image\":{\"@id\":\"https:\\\/\\\/ciapavia.com\\\/#\\\/schema\\\/logo\\\/image\\\/\"},\"sameAs\":[\"https:\\\/\\\/www.facebook.com\\\/cia.provinciapavia\"]},{\"@type\":\"Person\",\"@id\":\"https:\\\/\\\/ciapavia.com\\\/#\\\/schema\\\/person\\\/cb09bfde1754a08df071a37dd5d6bb32\",\"name\":\"admin\",\"sameAs\":[\"https:\\\/\\\/ciapavia.com\"],\"url\":\"https:\\\/\\\/ciapavia.com\\\/index.php\\\/author\\\/viacovo\\\/\"}]}<\/script>\n<!-- \/ Yoast SEO plugin. -->","yoast_head_json":{"title":"Caf Cia compie 30 anni, una due giorni con le istituzioni e la rappresentanza - Cia Agricoltori Italiani Pavia","robots":{"index":"index","follow":"follow","max-snippet":"max-snippet:-1","max-image-preview":"max-image-preview:large","max-video-preview":"max-video-preview:-1"},"canonical":"https:\/\/ciapavia.com\/index.php\/2023\/11\/23\/caf-cia-compie-30-anni-una-due-giorni-con-le-istituzioni-e-la-rappresentanza\/","og_locale":"it_IT","og_type":"article","og_title":"Caf Cia compie 30 anni, una due giorni con le istituzioni e la rappresentanza - Cia Agricoltori Italiani Pavia","og_description":"Alla due giorni con le istituzioni e la rappresentanza anche il presidente nazionale Cristiano Fini.Il Caf, Centro di Assistenza fiscale di Cia-Agricoltori Italiani festeggia trent\u2019anni e d\u00e0 appuntamento alla VI edizione del convegno con le societ\u00e0 convenzionate in agenda, a Roma, per mercoled\u00ec e gioved\u00ec, 22 e 23 novembre presso Sala meeting \u201cLoggia dei Signori\u201d ... Read More about Caf Cia compie 30 anni, una due giorni con le istituzioni e la rappresentanza","og_url":"https:\/\/ciapavia.com\/index.php\/2023\/11\/23\/caf-cia-compie-30-anni-una-due-giorni-con-le-istituzioni-e-la-rappresentanza\/","og_site_name":"Cia Agricoltori Italiani Pavia","article_publisher":"https:\/\/www.facebook.com\/cia.provinciapavia","article_published_time":"2023-11-23T15:16:42+00:00","article_modified_time":"2023-11-28T11:28:39+00:00","og_image":[{"width":750,"height":600,"url":"https:\/\/ciapavia.com\/wp-content\/uploads\/2023\/11\/cia_pavia.jpg","type":"image\/jpeg"}],"author":"admin","twitter_card":"summary_large_image","twitter_misc":{"Scritto da":"admin","Tempo di lettura stimato":"2 minuti"},"schema":{"@context":"https:\/\/schema.org","@graph":[{"@type":"Article","@id":"https:\/\/ciapavia.com\/index.php\/2023\/11\/23\/caf-cia-compie-30-anni-una-due-giorni-con-le-istituzioni-e-la-rappresentanza\/#article","isPartOf":{"@id":"https:\/\/ciapavia.com\/index.php\/2023\/11\/23\/caf-cia-compie-30-anni-una-due-giorni-con-le-istituzioni-e-la-rappresentanza\/"},"author":{"name":"admin","@id":"https:\/\/ciapavia.com\/#\/schema\/person\/cb09bfde1754a08df071a37dd5d6bb32"},"headline":"Caf Cia compie 30 anni, una due giorni con le istituzioni e la rappresentanza","datePublished":"2023-11-23T15:16:42+00:00","dateModified":"2023-11-28T11:28:39+00:00","mainEntityOfPage":{"@id":"https:\/\/ciapavia.com\/index.php\/2023\/11\/23\/caf-cia-compie-30-anni-una-due-giorni-con-le-istituzioni-e-la-rappresentanza\/"},"wordCount":279,"publisher":{"@id":"https:\/\/ciapavia.com\/#organization"},"image":{"@id":"https:\/\/ciapavia.com\/index.php\/2023\/11\/23\/caf-cia-compie-30-anni-una-due-giorni-con-le-istituzioni-e-la-rappresentanza\/#primaryimage"},"thumbnailUrl":"https:\/\/ciapavia.com\/wp-content\/uploads\/2023\/11\/cia_pavia.jpg","articleSection":["Categoria 1","News"],"inLanguage":"it-IT"},{"@type":"WebPage","@id":"https:\/\/ciapavia.com\/index.php\/2023\/11\/23\/caf-cia-compie-30-anni-una-due-giorni-con-le-istituzioni-e-la-rappresentanza\/","url":"https:\/\/ciapavia.com\/index.php\/2023\/11\/23\/caf-cia-compie-30-anni-una-due-giorni-con-le-istituzioni-e-la-rappresentanza\/","name":"Caf Cia compie 30 anni, una due giorni con le istituzioni e la rappresentanza - Cia Agricoltori Italiani Pavia","isPartOf":{"@id":"https:\/\/ciapavia.com\/#website"},"primaryImageOfPage":{"@id":"https:\/\/ciapavia.com\/index.php\/2023\/11\/23\/caf-cia-compie-30-anni-una-due-giorni-con-le-istituzioni-e-la-rappresentanza\/#primaryimage"},"image":{"@id":"https:\/\/ciapavia.com\/index.php\/2023\/11\/23\/caf-cia-compie-30-anni-una-due-giorni-con-le-istituzioni-e-la-rappresentanza\/#primaryimage"},"thumbnailUrl":"https:\/\/ciapavia.com\/wp-content\/uploads\/2023\/11\/cia_pavia.jpg","datePublished":"2023-11-23T15:16:42+00:00","dateModified":"2023-11-28T11:28:39+00:00","breadcrumb":{"@id":"https:\/\/ciapavia.com\/index.php\/2023\/11\/23\/caf-cia-compie-30-anni-una-due-giorni-con-le-istituzioni-e-la-rappresentanza\/#breadcrumb"},"inLanguage":"it-IT","potentialAction":[{"@type":"ReadAction","target":["https:\/\/ciapavia.com\/index.php\/2023\/11\/23\/caf-cia-compie-30-anni-una-due-giorni-con-le-istituzioni-e-la-rappresentanza\/"]}]},{"@type":"ImageObject","inLanguage":"it-IT","@id":"https:\/\/ciapavia.com\/index.php\/2023\/11\/23\/caf-cia-compie-30-anni-una-due-giorni-con-le-istituzioni-e-la-rappresentanza\/#primaryimage","url":"https:\/\/ciapavia.com\/wp-content\/uploads\/2023\/11\/cia_pavia.jpg","contentUrl":"https:\/\/ciapavia.com\/wp-content\/uploads\/2023\/11\/cia_pavia.jpg","width":750,"height":600},{"@type":"BreadcrumbList","@id":"https:\/\/ciapavia.com\/index.php\/2023\/11\/23\/caf-cia-compie-30-anni-una-due-giorni-con-le-istituzioni-e-la-rappresentanza\/#breadcrumb","itemListElement":[{"@type":"ListItem","position":1,"name":"Home","item":"https:\/\/ciapavia.com\/"},{"@type":"ListItem","position":2,"name":"Caf Cia compie 30 anni, una due giorni con le istituzioni e la rappresentanza"}]},{"@type":"WebSite","@id":"https:\/\/ciapavia.com\/#website","url":"https:\/\/ciapavia.com\/","name":"Cia Agricoltori Italiani Pavia","description":"La Cia-Agricoltori Italiani \u00e8 una delle maggiori organizzazioni di categoria d\u2019Europa che lavora per il miglioramento e la valorizzazione del settore primario e per la tutela delle condizioni dei suoi addetti","publisher":{"@id":"https:\/\/ciapavia.com\/#organization"},"alternateName":"La Cia-Agricoltori Italiani \u00e8 una delle maggiori organizzazioni di categoria d\u2019Europa che lavora per il miglioramento e la valorizzazione del settore primario e per la tutela delle condizioni dei suoi addetti","potentialAction":[{"@type":"SearchAction","target":{"@type":"EntryPoint","urlTemplate":"https:\/\/ciapavia.com\/?s={search_term_string}"},"query-input":{"@type":"PropertyValueSpecification","valueRequired":true,"valueName":"search_term_string"}}],"inLanguage":"it-IT"},{"@type":"Organization","@id":"https:\/\/ciapavia.com\/#organization","name":"Cia Pavia","alternateName":"Cia Pavia","url":"https:\/\/ciapavia.com\/","logo":{"@type":"ImageObject","inLanguage":"it-IT","@id":"https:\/\/ciapavia.com\/#\/schema\/logo\/image\/","url":"https:\/\/ciapavia.com\/wp-content\/uploads\/2022\/12\/cropped-cropped-logo_sito.png","contentUrl":"https:\/\/ciapavia.com\/wp-content\/uploads\/2022\/12\/cropped-cropped-logo_sito.png","width":720,"height":250,"caption":"Cia Pavia"},"image":{"@id":"https:\/\/ciapavia.com\/#\/schema\/logo\/image\/"},"sameAs":["https:\/\/www.facebook.com\/cia.provinciapavia"]},{"@type":"Person","@id":"https:\/\/ciapavia.com\/#\/schema\/person\/cb09bfde1754a08df071a37dd5d6bb32","name":"admin","sameAs":["https:\/\/ciapavia.com"],"url":"https:\/\/ciapavia.com\/index.php\/author\/viacovo\/"}]}},"_links":{"self":[{"href":"https:\/\/ciapavia.com\/index.php\/wp-json\/wp\/v2\/posts\/374","targetHints":{"allow":["GET"]}}],"collection":[{"href":"https:\/\/ciapavia.com\/index.php\/wp-json\/wp\/v2\/posts"}],"about":[{"href":"https:\/\/ciapavia.com\/index.php\/wp-json\/wp\/v2\/types\/post"}],"author":[{"embeddable":true,"href":"https:\/\/ciapavia.com\/index.php\/wp-json\/wp\/v2\/users\/1"}],"replies":[{"embeddable":true,"href":"https:\/\/ciapavia.com\/index.php\/wp-json\/wp\/v2\/comments?post=374"}],"version-history":[{"count":2,"href":"https:\/\/ciapavia.com\/index.php\/wp-json\/wp\/v2\/posts\/374\/revisions"}],"predecessor-version":[{"id":377,"href":"https:\/\/ciapavia.com\/index.php\/wp-json\/wp\/v2\/posts\/374\/revisions\/377"}],"wp:featuredmedia":[{"embeddable":true,"href":"https:\/\/ciapavia.com\/index.php\/wp-json\/wp\/v2\/media\/375"}],"wp:attachment":[{"href":"https:\/\/ciapavia.com\/index.php\/wp-json\/wp\/v2\/media?parent=374"}],"wp:term":[{"taxonomy":"category","embeddable":true,"href":"https:\/\/ciapavia.com\/index.php\/wp-json\/wp\/v2\/categories?post=374"},{"taxonomy":"post_tag","embeddable":true,"href":"https:\/\/ciapavia.com\/index.php\/wp-json\/wp\/v2\/tags?post=374"}],"curies":[{"name":"wp","href":"https:\/\/api.w.org\/{rel}","templated":true}]}}