{"id":364,"date":"2023-10-25T08:36:20","date_gmt":"2023-10-25T08:36:20","guid":{"rendered":"https:\/\/ciapavia.com\/?p=364"},"modified":"2023-10-25T08:36:20","modified_gmt":"2023-10-25T08:36:20","slug":"scendiamo-in-piazza-facciamolo-insieme","status":"publish","type":"post","link":"https:\/\/ciapavia.com\/index.php\/2023\/10\/25\/scendiamo-in-piazza-facciamolo-insieme\/","title":{"rendered":"Scendiamo in piazza, facciamolo insieme!"},"content":{"rendered":"\n<p>A due giorni dalla manifestazione nazionale di Cia di Roma, dove migliaia gli agricoltori in arrivo da tutta Italia parteciperanno all\u2019azione di sensibilizzazione, ecco il videomessaggio del presidente Cristiano Fini.<br>\u201cPrezzi alle stelle, agricoltori pi\u00f9 poveri\u201d: \u00e8 questo lo slogan della manifestazione, che si terr\u00e0 gioved\u00ec 26 ottobre alle ore 9:30 in Piazza Santi Apostoli.<\/p>\n\n\n\n<figure class=\"wp-block-video\"><video height=\"576\" style=\"aspect-ratio: 1024 \/ 576;\" width=\"1024\" controls src=\"https:\/\/ciapavia.com\/wp-content\/uploads\/2023\/10\/WhatsApp-Video-2023-10-24-at-18.02.12.mp4\"><\/video><\/figure>\n","protected":false},"excerpt":{"rendered":"<p>A due giorni dalla manifestazione nazionale di Cia di Roma, dove migliaia gli agricoltori in arrivo da tutta Italia parteciperanno all\u2019azione di sensibilizzazione, ecco il videomessaggio del presidente Cristiano Fini.\u201cPrezzi alle stelle, agricoltori pi\u00f9 poveri\u201d: \u00e8 questo lo slogan della manifestazione, che si terr\u00e0 gioved\u00ec 26 ottobre alle ore 9:30 in Piazza Santi Apostoli.<\/p>\n","protected":false},"author":1,"featured_media":367,"comment_status":"closed","ping_status":"open","sticky":false,"template":"","format":"standard","meta":{"_genesis_hide_title":false,"_genesis_hide_breadcrumbs":false,"_genesis_hide_singular_image":false,"_genesis_hide_footer_widgets":false,"_genesis_custom_body_class":"","_genesis_custom_post_class":"","_genesis_layout":"","footnotes":""},"categories":[3],"tags":[],"class_list":{"0":"post-364","1":"post","2":"type-post","3":"status-publish","4":"format-standard","5":"has-post-thumbnail","7":"category-news","8":"entry"},"yoast_head":"<!-- This site is optimized with the Yoast SEO plugin v27.3 - https:\/\/yoast.com\/product\/yoast-seo-wordpress\/ -->\n<title>Scendiamo in piazza, facciamolo insieme! - Cia Agricoltori Italiani Pavia<\/title>\n<meta name=\"robots\" content=\"index, follow, max-snippet:-1, max-image-preview:large, max-video-preview:-1\" \/>\n<link rel=\"canonical\" href=\"https:\/\/ciapavia.com\/index.php\/2023\/10\/25\/scendiamo-in-piazza-facciamolo-insieme\/\" \/>\n<meta property=\"og:locale\" content=\"it_IT\" \/>\n<meta property=\"og:type\" content=\"article\" \/>\n<meta property=\"og:title\" content=\"Scendiamo in piazza, facciamolo insieme! - Cia Agricoltori Italiani Pavia\" \/>\n<meta property=\"og:description\" content=\"A due giorni dalla manifestazione nazionale di Cia di Roma, dove migliaia gli agricoltori in arrivo da tutta Italia parteciperanno all\u2019azione di sensibilizzazione, ecco il videomessaggio del presidente Cristiano Fini.\u201cPrezzi alle stelle, agricoltori pi\u00f9 poveri\u201d: \u00e8 questo lo slogan della manifestazione, che si terr\u00e0 gioved\u00ec 26 ottobre alle ore 9:30 in Piazza Santi Apostoli.\" \/>\n<meta property=\"og:url\" content=\"https:\/\/ciapavia.com\/index.php\/2023\/10\/25\/scendiamo-in-piazza-facciamolo-insieme\/\" \/>\n<meta property=\"og:site_name\" content=\"Cia Agricoltori Italiani Pavia\" \/>\n<meta property=\"article:publisher\" content=\"https:\/\/www.facebook.com\/cia.provinciapavia\" \/>\n<meta property=\"article:published_time\" content=\"2023-10-25T08:36:20+00:00\" \/>\n<meta property=\"og:image\" content=\"https:\/\/ciapavia.com\/wp-content\/uploads\/2023\/10\/FINI.jpg\" \/>\n\t<meta property=\"og:image:width\" content=\"750\" \/>\n\t<meta property=\"og:image:height\" content=\"600\" \/>\n\t<meta property=\"og:image:type\" content=\"image\/jpeg\" \/>\n<meta name=\"author\" content=\"admin\" \/>\n<meta name=\"twitter:card\" content=\"summary_large_image\" \/>\n<meta name=\"twitter:label1\" content=\"Scritto da\" \/>\n\t<meta name=\"twitter:data1\" content=\"admin\" \/>\n\t<meta name=\"twitter:label2\" content=\"Tempo di lettura stimato\" \/>\n\t<meta name=\"twitter:data2\" content=\"1 minuto\" \/>\n<script type=\"application\/ld+json\" class=\"yoast-schema-graph\">{\"@context\":\"https:\\\/\\\/schema.org\",\"@graph\":[{\"@type\":\"Article\",\"@id\":\"https:\\\/\\\/ciapavia.com\\\/index.php\\\/2023\\\/10\\\/25\\\/scendiamo-in-piazza-facciamolo-insieme\\\/#article\",\"isPartOf\":{\"@id\":\"https:\\\/\\\/ciapavia.com\\\/index.php\\\/2023\\\/10\\\/25\\\/scendiamo-in-piazza-facciamolo-insieme\\\/\"},\"author\":{\"name\":\"admin\",\"@id\":\"https:\\\/\\\/ciapavia.com\\\/#\\\/schema\\\/person\\\/cb09bfde1754a08df071a37dd5d6bb32\"},\"headline\":\"Scendiamo in piazza, facciamolo insieme!\",\"datePublished\":\"2023-10-25T08:36:20+00:00\",\"mainEntityOfPage\":{\"@id\":\"https:\\\/\\\/ciapavia.com\\\/index.php\\\/2023\\\/10\\\/25\\\/scendiamo-in-piazza-facciamolo-insieme\\\/\"},\"wordCount\":58,\"publisher\":{\"@id\":\"https:\\\/\\\/ciapavia.com\\\/#organization\"},\"image\":{\"@id\":\"https:\\\/\\\/ciapavia.com\\\/index.php\\\/2023\\\/10\\\/25\\\/scendiamo-in-piazza-facciamolo-insieme\\\/#primaryimage\"},\"thumbnailUrl\":\"https:\\\/\\\/ciapavia.com\\\/wp-content\\\/uploads\\\/2023\\\/10\\\/FINI.jpg\",\"articleSection\":[\"News\"],\"inLanguage\":\"it-IT\"},{\"@type\":\"WebPage\",\"@id\":\"https:\\\/\\\/ciapavia.com\\\/index.php\\\/2023\\\/10\\\/25\\\/scendiamo-in-piazza-facciamolo-insieme\\\/\",\"url\":\"https:\\\/\\\/ciapavia.com\\\/index.php\\\/2023\\\/10\\\/25\\\/scendiamo-in-piazza-facciamolo-insieme\\\/\",\"name\":\"Scendiamo in piazza, facciamolo insieme! - Cia Agricoltori Italiani Pavia\",\"isPartOf\":{\"@id\":\"https:\\\/\\\/ciapavia.com\\\/#website\"},\"primaryImageOfPage\":{\"@id\":\"https:\\\/\\\/ciapavia.com\\\/index.php\\\/2023\\\/10\\\/25\\\/scendiamo-in-piazza-facciamolo-insieme\\\/#primaryimage\"},\"image\":{\"@id\":\"https:\\\/\\\/ciapavia.com\\\/index.php\\\/2023\\\/10\\\/25\\\/scendiamo-in-piazza-facciamolo-insieme\\\/#primaryimage\"},\"thumbnailUrl\":\"https:\\\/\\\/ciapavia.com\\\/wp-content\\\/uploads\\\/2023\\\/10\\\/FINI.jpg\",\"datePublished\":\"2023-10-25T08:36:20+00:00\",\"breadcrumb\":{\"@id\":\"https:\\\/\\\/ciapavia.com\\\/index.php\\\/2023\\\/10\\\/25\\\/scendiamo-in-piazza-facciamolo-insieme\\\/#breadcrumb\"},\"inLanguage\":\"it-IT\",\"potentialAction\":[{\"@type\":\"ReadAction\",\"target\":[\"https:\\\/\\\/ciapavia.com\\\/index.php\\\/2023\\\/10\\\/25\\\/scendiamo-in-piazza-facciamolo-insieme\\\/\"]}]},{\"@type\":\"ImageObject\",\"inLanguage\":\"it-IT\",\"@id\":\"https:\\\/\\\/ciapavia.com\\\/index.php\\\/2023\\\/10\\\/25\\\/scendiamo-in-piazza-facciamolo-insieme\\\/#primaryimage\",\"url\":\"https:\\\/\\\/ciapavia.com\\\/wp-content\\\/uploads\\\/2023\\\/10\\\/FINI.jpg\",\"contentUrl\":\"https:\\\/\\\/ciapavia.com\\\/wp-content\\\/uploads\\\/2023\\\/10\\\/FINI.jpg\",\"width\":750,\"height\":600},{\"@type\":\"BreadcrumbList\",\"@id\":\"https:\\\/\\\/ciapavia.com\\\/index.php\\\/2023\\\/10\\\/25\\\/scendiamo-in-piazza-facciamolo-insieme\\\/#breadcrumb\",\"itemListElement\":[{\"@type\":\"ListItem\",\"position\":1,\"name\":\"Home\",\"item\":\"https:\\\/\\\/ciapavia.com\\\/\"},{\"@type\":\"ListItem\",\"position\":2,\"name\":\"Scendiamo in piazza, facciamolo insieme!\"}]},{\"@type\":\"WebSite\",\"@id\":\"https:\\\/\\\/ciapavia.com\\\/#website\",\"url\":\"https:\\\/\\\/ciapavia.com\\\/\",\"name\":\"Cia Agricoltori Italiani Pavia\",\"description\":\"La Cia-Agricoltori Italiani \u00e8 una delle maggiori organizzazioni di categoria d\u2019Europa che lavora per il miglioramento e la valorizzazione del settore primario e per la tutela delle condizioni dei suoi addetti\",\"publisher\":{\"@id\":\"https:\\\/\\\/ciapavia.com\\\/#organization\"},\"alternateName\":\"La Cia-Agricoltori Italiani \u00e8 una delle maggiori organizzazioni di categoria d\u2019Europa che lavora per il miglioramento e la valorizzazione del settore primario e per la tutela delle condizioni dei suoi addetti\",\"potentialAction\":[{\"@type\":\"SearchAction\",\"target\":{\"@type\":\"EntryPoint\",\"urlTemplate\":\"https:\\\/\\\/ciapavia.com\\\/?s={search_term_string}\"},\"query-input\":{\"@type\":\"PropertyValueSpecification\",\"valueRequired\":true,\"valueName\":\"search_term_string\"}}],\"inLanguage\":\"it-IT\"},{\"@type\":\"Organization\",\"@id\":\"https:\\\/\\\/ciapavia.com\\\/#organization\",\"name\":\"Cia Pavia\",\"alternateName\":\"Cia Pavia\",\"url\":\"https:\\\/\\\/ciapavia.com\\\/\",\"logo\":{\"@type\":\"ImageObject\",\"inLanguage\":\"it-IT\",\"@id\":\"https:\\\/\\\/ciapavia.com\\\/#\\\/schema\\\/logo\\\/image\\\/\",\"url\":\"https:\\\/\\\/ciapavia.com\\\/wp-content\\\/uploads\\\/2022\\\/12\\\/cropped-cropped-logo_sito.png\",\"contentUrl\":\"https:\\\/\\\/ciapavia.com\\\/wp-content\\\/uploads\\\/2022\\\/12\\\/cropped-cropped-logo_sito.png\",\"width\":720,\"height\":250,\"caption\":\"Cia Pavia\"},\"image\":{\"@id\":\"https:\\\/\\\/ciapavia.com\\\/#\\\/schema\\\/logo\\\/image\\\/\"},\"sameAs\":[\"https:\\\/\\\/www.facebook.com\\\/cia.provinciapavia\"]},{\"@type\":\"Person\",\"@id\":\"https:\\\/\\\/ciapavia.com\\\/#\\\/schema\\\/person\\\/cb09bfde1754a08df071a37dd5d6bb32\",\"name\":\"admin\",\"sameAs\":[\"https:\\\/\\\/ciapavia.com\"],\"url\":\"https:\\\/\\\/ciapavia.com\\\/index.php\\\/author\\\/viacovo\\\/\"}]}<\/script>\n<!-- \/ Yoast SEO plugin. -->","yoast_head_json":{"title":"Scendiamo in piazza, facciamolo insieme! - Cia Agricoltori Italiani Pavia","robots":{"index":"index","follow":"follow","max-snippet":"max-snippet:-1","max-image-preview":"max-image-preview:large","max-video-preview":"max-video-preview:-1"},"canonical":"https:\/\/ciapavia.com\/index.php\/2023\/10\/25\/scendiamo-in-piazza-facciamolo-insieme\/","og_locale":"it_IT","og_type":"article","og_title":"Scendiamo in piazza, facciamolo insieme! - Cia Agricoltori Italiani Pavia","og_description":"A due giorni dalla manifestazione nazionale di Cia di Roma, dove migliaia gli agricoltori in arrivo da tutta Italia parteciperanno all\u2019azione di sensibilizzazione, ecco il videomessaggio del presidente Cristiano Fini.\u201cPrezzi alle stelle, agricoltori pi\u00f9 poveri\u201d: \u00e8 questo lo slogan della manifestazione, che si terr\u00e0 gioved\u00ec 26 ottobre alle ore 9:30 in Piazza Santi Apostoli.","og_url":"https:\/\/ciapavia.com\/index.php\/2023\/10\/25\/scendiamo-in-piazza-facciamolo-insieme\/","og_site_name":"Cia Agricoltori Italiani Pavia","article_publisher":"https:\/\/www.facebook.com\/cia.provinciapavia","article_published_time":"2023-10-25T08:36:20+00:00","og_image":[{"width":750,"height":600,"url":"https:\/\/ciapavia.com\/wp-content\/uploads\/2023\/10\/FINI.jpg","type":"image\/jpeg"}],"author":"admin","twitter_card":"summary_large_image","twitter_misc":{"Scritto da":"admin","Tempo di lettura stimato":"1 minuto"},"schema":{"@context":"https:\/\/schema.org","@graph":[{"@type":"Article","@id":"https:\/\/ciapavia.com\/index.php\/2023\/10\/25\/scendiamo-in-piazza-facciamolo-insieme\/#article","isPartOf":{"@id":"https:\/\/ciapavia.com\/index.php\/2023\/10\/25\/scendiamo-in-piazza-facciamolo-insieme\/"},"author":{"name":"admin","@id":"https:\/\/ciapavia.com\/#\/schema\/person\/cb09bfde1754a08df071a37dd5d6bb32"},"headline":"Scendiamo in piazza, facciamolo insieme!","datePublished":"2023-10-25T08:36:20+00:00","mainEntityOfPage":{"@id":"https:\/\/ciapavia.com\/index.php\/2023\/10\/25\/scendiamo-in-piazza-facciamolo-insieme\/"},"wordCount":58,"publisher":{"@id":"https:\/\/ciapavia.com\/#organization"},"image":{"@id":"https:\/\/ciapavia.com\/index.php\/2023\/10\/25\/scendiamo-in-piazza-facciamolo-insieme\/#primaryimage"},"thumbnailUrl":"https:\/\/ciapavia.com\/wp-content\/uploads\/2023\/10\/FINI.jpg","articleSection":["News"],"inLanguage":"it-IT"},{"@type":"WebPage","@id":"https:\/\/ciapavia.com\/index.php\/2023\/10\/25\/scendiamo-in-piazza-facciamolo-insieme\/","url":"https:\/\/ciapavia.com\/index.php\/2023\/10\/25\/scendiamo-in-piazza-facciamolo-insieme\/","name":"Scendiamo in piazza, facciamolo insieme! - Cia Agricoltori Italiani Pavia","isPartOf":{"@id":"https:\/\/ciapavia.com\/#website"},"primaryImageOfPage":{"@id":"https:\/\/ciapavia.com\/index.php\/2023\/10\/25\/scendiamo-in-piazza-facciamolo-insieme\/#primaryimage"},"image":{"@id":"https:\/\/ciapavia.com\/index.php\/2023\/10\/25\/scendiamo-in-piazza-facciamolo-insieme\/#primaryimage"},"thumbnailUrl":"https:\/\/ciapavia.com\/wp-content\/uploads\/2023\/10\/FINI.jpg","datePublished":"2023-10-25T08:36:20+00:00","breadcrumb":{"@id":"https:\/\/ciapavia.com\/index.php\/2023\/10\/25\/scendiamo-in-piazza-facciamolo-insieme\/#breadcrumb"},"inLanguage":"it-IT","potentialAction":[{"@type":"ReadAction","target":["https:\/\/ciapavia.com\/index.php\/2023\/10\/25\/scendiamo-in-piazza-facciamolo-insieme\/"]}]},{"@type":"ImageObject","inLanguage":"it-IT","@id":"https:\/\/ciapavia.com\/index.php\/2023\/10\/25\/scendiamo-in-piazza-facciamolo-insieme\/#primaryimage","url":"https:\/\/ciapavia.com\/wp-content\/uploads\/2023\/10\/FINI.jpg","contentUrl":"https:\/\/ciapavia.com\/wp-content\/uploads\/2023\/10\/FINI.jpg","width":750,"height":600},{"@type":"BreadcrumbList","@id":"https:\/\/ciapavia.com\/index.php\/2023\/10\/25\/scendiamo-in-piazza-facciamolo-insieme\/#breadcrumb","itemListElement":[{"@type":"ListItem","position":1,"name":"Home","item":"https:\/\/ciapavia.com\/"},{"@type":"ListItem","position":2,"name":"Scendiamo in piazza, facciamolo insieme!"}]},{"@type":"WebSite","@id":"https:\/\/ciapavia.com\/#website","url":"https:\/\/ciapavia.com\/","name":"Cia Agricoltori Italiani Pavia","description":"La Cia-Agricoltori Italiani \u00e8 una delle maggiori organizzazioni di categoria d\u2019Europa che lavora per il miglioramento e la valorizzazione del settore primario e per la tutela delle condizioni dei suoi addetti","publisher":{"@id":"https:\/\/ciapavia.com\/#organization"},"alternateName":"La Cia-Agricoltori Italiani \u00e8 una delle maggiori organizzazioni di categoria d\u2019Europa che lavora per il miglioramento e la valorizzazione del settore primario e per la tutela delle condizioni dei suoi addetti","potentialAction":[{"@type":"SearchAction","target":{"@type":"EntryPoint","urlTemplate":"https:\/\/ciapavia.com\/?s={search_term_string}"},"query-input":{"@type":"PropertyValueSpecification","valueRequired":true,"valueName":"search_term_string"}}],"inLanguage":"it-IT"},{"@type":"Organization","@id":"https:\/\/ciapavia.com\/#organization","name":"Cia Pavia","alternateName":"Cia Pavia","url":"https:\/\/ciapavia.com\/","logo":{"@type":"ImageObject","inLanguage":"it-IT","@id":"https:\/\/ciapavia.com\/#\/schema\/logo\/image\/","url":"https:\/\/ciapavia.com\/wp-content\/uploads\/2022\/12\/cropped-cropped-logo_sito.png","contentUrl":"https:\/\/ciapavia.com\/wp-content\/uploads\/2022\/12\/cropped-cropped-logo_sito.png","width":720,"height":250,"caption":"Cia Pavia"},"image":{"@id":"https:\/\/ciapavia.com\/#\/schema\/logo\/image\/"},"sameAs":["https:\/\/www.facebook.com\/cia.provinciapavia"]},{"@type":"Person","@id":"https:\/\/ciapavia.com\/#\/schema\/person\/cb09bfde1754a08df071a37dd5d6bb32","name":"admin","sameAs":["https:\/\/ciapavia.com"],"url":"https:\/\/ciapavia.com\/index.php\/author\/viacovo\/"}]}},"_links":{"self":[{"href":"https:\/\/ciapavia.com\/index.php\/wp-json\/wp\/v2\/posts\/364","targetHints":{"allow":["GET"]}}],"collection":[{"href":"https:\/\/ciapavia.com\/index.php\/wp-json\/wp\/v2\/posts"}],"about":[{"href":"https:\/\/ciapavia.com\/index.php\/wp-json\/wp\/v2\/types\/post"}],"author":[{"embeddable":true,"href":"https:\/\/ciapavia.com\/index.php\/wp-json\/wp\/v2\/users\/1"}],"replies":[{"embeddable":true,"href":"https:\/\/ciapavia.com\/index.php\/wp-json\/wp\/v2\/comments?post=364"}],"version-history":[{"count":1,"href":"https:\/\/ciapavia.com\/index.php\/wp-json\/wp\/v2\/posts\/364\/revisions"}],"predecessor-version":[{"id":368,"href":"https:\/\/ciapavia.com\/index.php\/wp-json\/wp\/v2\/posts\/364\/revisions\/368"}],"wp:featuredmedia":[{"embeddable":true,"href":"https:\/\/ciapavia.com\/index.php\/wp-json\/wp\/v2\/media\/367"}],"wp:attachment":[{"href":"https:\/\/ciapavia.com\/index.php\/wp-json\/wp\/v2\/media?parent=364"}],"wp:term":[{"taxonomy":"category","embeddable":true,"href":"https:\/\/ciapavia.com\/index.php\/wp-json\/wp\/v2\/categories?post=364"},{"taxonomy":"post_tag","embeddable":true,"href":"https:\/\/ciapavia.com\/index.php\/wp-json\/wp\/v2\/tags?post=364"}],"curies":[{"name":"wp","href":"https:\/\/api.w.org\/{rel}","templated":true}]}}