{"id":329,"date":"2023-07-21T08:24:37","date_gmt":"2023-07-21T08:24:37","guid":{"rendered":"https:\/\/ciapavia.com\/?p=329"},"modified":"2023-07-31T08:21:27","modified_gmt":"2023-07-31T08:21:27","slug":"cia-battaglia-salva-grano-51-mila-firme-raccolte-per-salvaguardarne-la-sovranita","status":"publish","type":"post","link":"https:\/\/ciapavia.com\/index.php\/2023\/07\/21\/cia-battaglia-salva-grano-51-mila-firme-raccolte-per-salvaguardarne-la-sovranita\/","title":{"rendered":"Cia, battaglia \u201csalva-grano\u201d: 51 mila firme raccolte per salvaguardarne la sovranit\u00e0\u00a0"},"content":{"rendered":"\n<p><em>Confederazione incassa primo risultato: maggiore trasparenza dei prezzi e immediata convocazione tavolo di filiera. Delegazione guidata da Fini presenta dossier a Ministero: grano gi\u00f9 del 40% e pasta su del 30%&nbsp;<\/em><br><br>Roma, 20 lug \u2013 Pi\u00f9 di 51 mila firme, raccolte con la petizione su&nbsp;<a href=\"http:\/\/r.newsletter.cialombardia.it\/mk\/cl\/f\/sh\/SMK1E8tHeFuBlazQwQAt9qbD1j7Z\/DBRBlghpTBPK\" target=\"_blank\" rel=\"noreferrer noopener\">change.org<\/a>, e un dossier di richieste e proposte per salvare il grano e la pasta Made in Italy, sono sul tavolo del ministro dell\u2019Agricoltura e della Sovranit\u00e0 alimentare, Francesco Lollobrigida. \u00c8 questa l\u2019ultima azione messa a segno, oggi a Roma, da Cia-Agricoltori Italiani, nella battaglia nazionale per fermare il pericoloso attacco al settore cerealicolo.<br><br>\u201cIl grano duro potr\u00e0 avere la sua CUN, Commissione Unica Nazionale, per vigilare su una maggiore trasparenza dei prezzi -ha annunciato il presidente nazionale di Cia, Cristiano Fini, uscendo dal Masaf e aggiungendo che c\u2019\u00e8 l\u2019impegno del ministero a mediare con l\u2019industria e a mettere in campo tutte le forze per farla decollare al pi\u00f9 presto. Intanto -ha proseguito- il ministro ha garantito che convocher\u00e0 entro l\u2019estate il tavolo di filiera. Dunque, la nostra mobilitazione sta funzionando e siamo soddisfatti per questo primo risultato ottenuto per riportare il settore nelle garanzie fondamentali per continuare a operare, tutelando produttori e consumatori, salvaguardando il vero grano e la vera pasta 100% Made in Italy\u201d.<br><br>Con Fini al Dicastero di Via XX Settembre anche una nutrita delegazione Cia che ha dato voce alla mobilitazione, partita online con la raccolta firme e proseguita con incontri e manifestazioni sul territorio, in particolare in Puglia dove si \u00e8 raccolta l\u2019adesione di istituzioni e politica, interi comuni e migliaia di consumatori.&nbsp; \u201cAvanti cos\u00ec, non ci fermeremo -ha dichiarato il presidente di Cia Puglia, Gennaro Sicolo, al termine dell\u2019incontro-. Stiamo portando avanti una battaglia di civilt\u00e0, per costruire un futuro per i nostri territori la cui economia deve tutto alle produzioni agricole autoctone. \u00c8 arrivato il momento di dare concretezza a quella \u2018sovranit\u00e0 alimentare\u2019 che al momento appare solo come scritta sulla targa del ministero\u201d.<\/p>\n\n\n<div class=\"wp-block-image\">\n<figure class=\"aligncenter size-full\"><img loading=\"lazy\" decoding=\"async\" width=\"576\" height=\"775\" src=\"https:\/\/ciapavia.com\/wp-content\/uploads\/2023\/07\/Salva-grano_Cia-al-Masaf_Lollobrigida_Fini_Sicolo-20-lug.jpg\" alt=\"battaglia \u201csalva-grano\u201d\" class=\"wp-image-331\" srcset=\"https:\/\/ciapavia.com\/wp-content\/uploads\/2023\/07\/Salva-grano_Cia-al-Masaf_Lollobrigida_Fini_Sicolo-20-lug.jpg 576w, https:\/\/ciapavia.com\/wp-content\/uploads\/2023\/07\/Salva-grano_Cia-al-Masaf_Lollobrigida_Fini_Sicolo-20-lug-223x300.jpg 223w\" sizes=\"auto, (max-width: 576px) 100vw, 576px\" \/><\/figure>\n<\/div>\n\n\n<p><strong>LE RICHIESTE &#8211;<\/strong>&nbsp;Per Cia \u00e8, dunque, urgente stoppare le speculazioni commerciali sulla pelle dei produttori e dei consumatori, fermare chi spaccia grano estero piazzandolo come italiano e porre dei limiti all\u2019arrivo indiscriminato sul territorio italiano di grani stranieri. Queste, alcune delle istanze al centro dell\u2019incontro e contenute nel dossier che ha animato la petizione.<br>C\u2019\u00e8 un fermo \u201cno\u201d di Cia a chi non vuole riconoscere i costi minimi di produzione ai cerealicoltori e alle frodi che rovinano l\u2019immagine di un prodotto simbolo dell\u2019Italia, e un chiaro \u201csi\u201d, e subito, a maggiori controlli sull\u2019etichettatura, al potenziamento dei contratti di filiera tra agricoltori e industria e al Registro Telematico dei Cereali con avvio immediato. Inoltre, va prorogata a livello comunitario la sospensione dei dazi all\u2019importazione su ammoniaca e urea. Fondamentale, poi, incentivare la ricerca pubblica e privata per garantire migliori rese e qualit\u00e0, cos\u00ec come per favorire percorsi di aggregazione produttiva e organizzativa, inclusa l\u2019ipotesi di una interprofessione dei cereali, con una specificit\u00e0 per il grano duro.<br><br><strong>I DATI &#8211;<\/strong>&nbsp;Nell\u2019ultimo anno, il prezzo del grano duro \u00e8 crollato da 560 a 330 euro a tonnellata e sono forti i rischi che il prezzo possa scendere ancora. Da mesi il prezzo \u00e8 sceso in media del 40%, mentre quello della pasta sullo scaffale del supermercato \u00e8 aumentato del 30%. Quanto ai costi di produzione, nell\u2019ultimo anno hanno visto aumenti superiori al 40% passando da circa 800 euro per ettaro a 1.400 euro. Con gli attuali prezzi di vendita gli agricoltori lavorano in perdita e si rischia sempre pi\u00f9 l\u2019abbandono della produzione Made in Italy, mentre aumentano le importazioni dall\u2019estero. In Italia, infatti, arrivano pi\u00f9 di 2 milioni di tonnellate di grano duro all\u2019anno per un fabbisogno dell\u2019industria di 5,8 milioni di tonnellate complessive. L\u2019ultimo rapporto Anacer registra un aumento del 6,3% delle importazioni totali dei cereali di granella, dovuto in gran parte alla crescita dell\u2019import di grano duro, con +396 mila tonnellate nei primi 4 mesi del 2023.<br>Il grano, sottolinea, infine, Cia, \u00e8 l\u2019emblema di quello che sta accadendo a tutti i prodotti d\u2019eccellenza dell\u2019agricoltura italiana, con un abnorme ricorso alle importazioni che annichiliscono il lavoro straordinario dei nostri agricoltori, vessati da carichi fiscali, burocratici e da costi di produzione che mortificano i loro sacrifici. Senza contare gli effetti dei cambiamenti climatici e la mancata equa redistribuzione del valore lungo la filiera, che \u00e8 sempre a danno del settore agricolo.<\/p>\n\n\n\n<p>.<\/p>\n","protected":false},"excerpt":{"rendered":"<p>Confederazione incassa primo risultato: maggiore trasparenza dei prezzi e immediata convocazione tavolo di filiera. Delegazione guidata da Fini presenta dossier a Ministero: grano gi\u00f9 del 40% e pasta su del 30%&nbsp; Roma, 20 lug \u2013 Pi\u00f9 di 51 mila firme, raccolte con la petizione su&nbsp;change.org, e un dossier di richieste e proposte per salvare il &#8230; <a href=\"https:\/\/ciapavia.com\/index.php\/2023\/07\/21\/cia-battaglia-salva-grano-51-mila-firme-raccolte-per-salvaguardarne-la-sovranita\/\" class=\"more-link\">Read More <span class=\"screen-reader-text\">about  Cia, battaglia \u201csalva-grano\u201d: 51 mila firme raccolte per salvaguardarne la sovranit\u00e0\u00a0<\/span><\/a><\/p>\n","protected":false},"author":1,"featured_media":330,"comment_status":"closed","ping_status":"open","sticky":false,"template":"","format":"standard","meta":{"_genesis_hide_title":false,"_genesis_hide_breadcrumbs":false,"_genesis_hide_singular_image":false,"_genesis_hide_footer_widgets":false,"_genesis_custom_body_class":"","_genesis_custom_post_class":"","_genesis_layout":"","footnotes":""},"categories":[6],"tags":[],"class_list":{"0":"post-329","1":"post","2":"type-post","3":"status-publish","4":"format-standard","5":"has-post-thumbnail","7":"category-categoria-3","8":"entry"},"yoast_head":"<!-- This site is optimized with the Yoast SEO plugin v27.3 - https:\/\/yoast.com\/product\/yoast-seo-wordpress\/ -->\n<title>Cia, battaglia \u201csalva-grano\u201d: 51 mila firme raccolte per salvaguardarne la sovranit\u00e0\u00a0 - Cia Agricoltori Italiani Pavia<\/title>\n<meta name=\"robots\" content=\"index, follow, max-snippet:-1, max-image-preview:large, max-video-preview:-1\" \/>\n<link rel=\"canonical\" href=\"https:\/\/ciapavia.com\/index.php\/2023\/07\/21\/cia-battaglia-salva-grano-51-mila-firme-raccolte-per-salvaguardarne-la-sovranita\/\" \/>\n<meta property=\"og:locale\" content=\"it_IT\" \/>\n<meta property=\"og:type\" content=\"article\" \/>\n<meta property=\"og:title\" content=\"Cia, battaglia \u201csalva-grano\u201d: 51 mila firme raccolte per salvaguardarne la sovranit\u00e0\u00a0\" \/>\n<meta property=\"og:description\" content=\"Confederazione incassa primo risultato: maggiore trasparenza dei prezzi e immediata convocazione tavolo di filiera. Delegazione guidata da Fini presenta dossier a Ministero: grano gi\u00f9 del 40% e pasta su del 30%&nbsp; Roma, 20 lug \u2013 Pi\u00f9 di 51 mila firme, raccolte con la petizione su&nbsp;change.org, e un dossier di richieste e proposte per salvare il ... Read More about Cia, battaglia \u201csalva-grano\u201d: 51 mila firme raccolte per salvaguardarne la sovranit\u00e0\u00a0\" \/>\n<meta property=\"og:url\" content=\"https:\/\/ciapavia.com\/index.php\/2023\/07\/21\/cia-battaglia-salva-grano-51-mila-firme-raccolte-per-salvaguardarne-la-sovranita\/\" \/>\n<meta property=\"og:site_name\" content=\"Cia Agricoltori Italiani Pavia\" \/>\n<meta property=\"article:publisher\" content=\"https:\/\/www.facebook.com\/cia.provinciapavia\" \/>\n<meta property=\"article:published_time\" content=\"2023-07-21T08:24:37+00:00\" \/>\n<meta property=\"article:modified_time\" content=\"2023-07-31T08:21:27+00:00\" \/>\n<meta property=\"og:image\" content=\"https:\/\/ciapavia.com\/wp-content\/uploads\/2023\/07\/Salva-grano_Cia_home-1.jpg\" \/>\n\t<meta property=\"og:image:width\" content=\"750\" \/>\n\t<meta property=\"og:image:height\" content=\"422\" \/>\n\t<meta property=\"og:image:type\" content=\"image\/jpeg\" \/>\n<meta name=\"author\" content=\"admin\" \/>\n<meta name=\"twitter:card\" content=\"summary_large_image\" \/>\n<meta name=\"twitter:label1\" content=\"Scritto da\" \/>\n\t<meta name=\"twitter:data1\" content=\"admin\" \/>\n\t<meta name=\"twitter:label2\" content=\"Tempo di lettura stimato\" \/>\n\t<meta name=\"twitter:data2\" content=\"5 minuti\" \/>\n<script type=\"application\/ld+json\" class=\"yoast-schema-graph\">{\"@context\":\"https:\\\/\\\/schema.org\",\"@graph\":[{\"@type\":\"Article\",\"@id\":\"https:\\\/\\\/ciapavia.com\\\/index.php\\\/2023\\\/07\\\/21\\\/cia-battaglia-salva-grano-51-mila-firme-raccolte-per-salvaguardarne-la-sovranita\\\/#article\",\"isPartOf\":{\"@id\":\"https:\\\/\\\/ciapavia.com\\\/index.php\\\/2023\\\/07\\\/21\\\/cia-battaglia-salva-grano-51-mila-firme-raccolte-per-salvaguardarne-la-sovranita\\\/\"},\"author\":{\"name\":\"admin\",\"@id\":\"https:\\\/\\\/ciapavia.com\\\/#\\\/schema\\\/person\\\/cb09bfde1754a08df071a37dd5d6bb32\"},\"headline\":\"Cia, battaglia \u201csalva-grano\u201d: 51 mila firme raccolte per salvaguardarne la sovranit\u00e0\u00a0\",\"datePublished\":\"2023-07-21T08:24:37+00:00\",\"dateModified\":\"2023-07-31T08:21:27+00:00\",\"mainEntityOfPage\":{\"@id\":\"https:\\\/\\\/ciapavia.com\\\/index.php\\\/2023\\\/07\\\/21\\\/cia-battaglia-salva-grano-51-mila-firme-raccolte-per-salvaguardarne-la-sovranita\\\/\"},\"wordCount\":739,\"publisher\":{\"@id\":\"https:\\\/\\\/ciapavia.com\\\/#organization\"},\"image\":{\"@id\":\"https:\\\/\\\/ciapavia.com\\\/index.php\\\/2023\\\/07\\\/21\\\/cia-battaglia-salva-grano-51-mila-firme-raccolte-per-salvaguardarne-la-sovranita\\\/#primaryimage\"},\"thumbnailUrl\":\"https:\\\/\\\/ciapavia.com\\\/wp-content\\\/uploads\\\/2023\\\/07\\\/Salva-grano_Cia_home.jpg\",\"articleSection\":[\"Categoria 3\"],\"inLanguage\":\"it-IT\"},{\"@type\":\"WebPage\",\"@id\":\"https:\\\/\\\/ciapavia.com\\\/index.php\\\/2023\\\/07\\\/21\\\/cia-battaglia-salva-grano-51-mila-firme-raccolte-per-salvaguardarne-la-sovranita\\\/\",\"url\":\"https:\\\/\\\/ciapavia.com\\\/index.php\\\/2023\\\/07\\\/21\\\/cia-battaglia-salva-grano-51-mila-firme-raccolte-per-salvaguardarne-la-sovranita\\\/\",\"name\":\"Cia, battaglia \u201csalva-grano\u201d: 51 mila firme raccolte per salvaguardarne la sovranit\u00e0\u00a0 - Cia Agricoltori Italiani Pavia\",\"isPartOf\":{\"@id\":\"https:\\\/\\\/ciapavia.com\\\/#website\"},\"primaryImageOfPage\":{\"@id\":\"https:\\\/\\\/ciapavia.com\\\/index.php\\\/2023\\\/07\\\/21\\\/cia-battaglia-salva-grano-51-mila-firme-raccolte-per-salvaguardarne-la-sovranita\\\/#primaryimage\"},\"image\":{\"@id\":\"https:\\\/\\\/ciapavia.com\\\/index.php\\\/2023\\\/07\\\/21\\\/cia-battaglia-salva-grano-51-mila-firme-raccolte-per-salvaguardarne-la-sovranita\\\/#primaryimage\"},\"thumbnailUrl\":\"https:\\\/\\\/ciapavia.com\\\/wp-content\\\/uploads\\\/2023\\\/07\\\/Salva-grano_Cia_home.jpg\",\"datePublished\":\"2023-07-21T08:24:37+00:00\",\"dateModified\":\"2023-07-31T08:21:27+00:00\",\"breadcrumb\":{\"@id\":\"https:\\\/\\\/ciapavia.com\\\/index.php\\\/2023\\\/07\\\/21\\\/cia-battaglia-salva-grano-51-mila-firme-raccolte-per-salvaguardarne-la-sovranita\\\/#breadcrumb\"},\"inLanguage\":\"it-IT\",\"potentialAction\":[{\"@type\":\"ReadAction\",\"target\":[\"https:\\\/\\\/ciapavia.com\\\/index.php\\\/2023\\\/07\\\/21\\\/cia-battaglia-salva-grano-51-mila-firme-raccolte-per-salvaguardarne-la-sovranita\\\/\"]}]},{\"@type\":\"ImageObject\",\"inLanguage\":\"it-IT\",\"@id\":\"https:\\\/\\\/ciapavia.com\\\/index.php\\\/2023\\\/07\\\/21\\\/cia-battaglia-salva-grano-51-mila-firme-raccolte-per-salvaguardarne-la-sovranita\\\/#primaryimage\",\"url\":\"https:\\\/\\\/ciapavia.com\\\/wp-content\\\/uploads\\\/2023\\\/07\\\/Salva-grano_Cia_home.jpg\",\"contentUrl\":\"https:\\\/\\\/ciapavia.com\\\/wp-content\\\/uploads\\\/2023\\\/07\\\/Salva-grano_Cia_home.jpg\",\"width\":750,\"height\":600,\"caption\":\"battaglia \u201csalva-grano\u201d\"},{\"@type\":\"BreadcrumbList\",\"@id\":\"https:\\\/\\\/ciapavia.com\\\/index.php\\\/2023\\\/07\\\/21\\\/cia-battaglia-salva-grano-51-mila-firme-raccolte-per-salvaguardarne-la-sovranita\\\/#breadcrumb\",\"itemListElement\":[{\"@type\":\"ListItem\",\"position\":1,\"name\":\"Home\",\"item\":\"https:\\\/\\\/ciapavia.com\\\/\"},{\"@type\":\"ListItem\",\"position\":2,\"name\":\"Cia, battaglia \u201csalva-grano\u201d: 51 mila firme raccolte per salvaguardarne la sovranit\u00e0\u00a0\"}]},{\"@type\":\"WebSite\",\"@id\":\"https:\\\/\\\/ciapavia.com\\\/#website\",\"url\":\"https:\\\/\\\/ciapavia.com\\\/\",\"name\":\"Cia Agricoltori Italiani Pavia\",\"description\":\"La Cia-Agricoltori Italiani \u00e8 una delle maggiori organizzazioni di categoria d\u2019Europa che lavora per il miglioramento e la valorizzazione del settore primario e per la tutela delle condizioni dei suoi addetti\",\"publisher\":{\"@id\":\"https:\\\/\\\/ciapavia.com\\\/#organization\"},\"alternateName\":\"La Cia-Agricoltori Italiani \u00e8 una delle maggiori organizzazioni di categoria d\u2019Europa che lavora per il miglioramento e la valorizzazione del settore primario e per la tutela delle condizioni dei suoi addetti\",\"potentialAction\":[{\"@type\":\"SearchAction\",\"target\":{\"@type\":\"EntryPoint\",\"urlTemplate\":\"https:\\\/\\\/ciapavia.com\\\/?s={search_term_string}\"},\"query-input\":{\"@type\":\"PropertyValueSpecification\",\"valueRequired\":true,\"valueName\":\"search_term_string\"}}],\"inLanguage\":\"it-IT\"},{\"@type\":\"Organization\",\"@id\":\"https:\\\/\\\/ciapavia.com\\\/#organization\",\"name\":\"Cia Pavia\",\"alternateName\":\"Cia Pavia\",\"url\":\"https:\\\/\\\/ciapavia.com\\\/\",\"logo\":{\"@type\":\"ImageObject\",\"inLanguage\":\"it-IT\",\"@id\":\"https:\\\/\\\/ciapavia.com\\\/#\\\/schema\\\/logo\\\/image\\\/\",\"url\":\"https:\\\/\\\/ciapavia.com\\\/wp-content\\\/uploads\\\/2022\\\/12\\\/cropped-cropped-logo_sito.png\",\"contentUrl\":\"https:\\\/\\\/ciapavia.com\\\/wp-content\\\/uploads\\\/2022\\\/12\\\/cropped-cropped-logo_sito.png\",\"width\":720,\"height\":250,\"caption\":\"Cia Pavia\"},\"image\":{\"@id\":\"https:\\\/\\\/ciapavia.com\\\/#\\\/schema\\\/logo\\\/image\\\/\"},\"sameAs\":[\"https:\\\/\\\/www.facebook.com\\\/cia.provinciapavia\"]},{\"@type\":\"Person\",\"@id\":\"https:\\\/\\\/ciapavia.com\\\/#\\\/schema\\\/person\\\/cb09bfde1754a08df071a37dd5d6bb32\",\"name\":\"admin\",\"sameAs\":[\"https:\\\/\\\/ciapavia.com\"],\"url\":\"https:\\\/\\\/ciapavia.com\\\/index.php\\\/author\\\/viacovo\\\/\"}]}<\/script>\n<!-- \/ Yoast SEO plugin. -->","yoast_head_json":{"title":"Cia, battaglia \u201csalva-grano\u201d: 51 mila firme raccolte per salvaguardarne la sovranit\u00e0\u00a0 - Cia Agricoltori Italiani Pavia","robots":{"index":"index","follow":"follow","max-snippet":"max-snippet:-1","max-image-preview":"max-image-preview:large","max-video-preview":"max-video-preview:-1"},"canonical":"https:\/\/ciapavia.com\/index.php\/2023\/07\/21\/cia-battaglia-salva-grano-51-mila-firme-raccolte-per-salvaguardarne-la-sovranita\/","og_locale":"it_IT","og_type":"article","og_title":"Cia, battaglia \u201csalva-grano\u201d: 51 mila firme raccolte per salvaguardarne la sovranit\u00e0\u00a0","og_description":"Confederazione incassa primo risultato: maggiore trasparenza dei prezzi e immediata convocazione tavolo di filiera. Delegazione guidata da Fini presenta dossier a Ministero: grano gi\u00f9 del 40% e pasta su del 30%&nbsp; Roma, 20 lug \u2013 Pi\u00f9 di 51 mila firme, raccolte con la petizione su&nbsp;change.org, e un dossier di richieste e proposte per salvare il ... Read More about Cia, battaglia \u201csalva-grano\u201d: 51 mila firme raccolte per salvaguardarne la sovranit\u00e0\u00a0","og_url":"https:\/\/ciapavia.com\/index.php\/2023\/07\/21\/cia-battaglia-salva-grano-51-mila-firme-raccolte-per-salvaguardarne-la-sovranita\/","og_site_name":"Cia Agricoltori Italiani Pavia","article_publisher":"https:\/\/www.facebook.com\/cia.provinciapavia","article_published_time":"2023-07-21T08:24:37+00:00","article_modified_time":"2023-07-31T08:21:27+00:00","og_image":[{"width":750,"height":422,"url":"https:\/\/ciapavia.com\/wp-content\/uploads\/2023\/07\/Salva-grano_Cia_home-1.jpg","type":"image\/jpeg"}],"author":"admin","twitter_card":"summary_large_image","twitter_misc":{"Scritto da":"admin","Tempo di lettura stimato":"5 minuti"},"schema":{"@context":"https:\/\/schema.org","@graph":[{"@type":"Article","@id":"https:\/\/ciapavia.com\/index.php\/2023\/07\/21\/cia-battaglia-salva-grano-51-mila-firme-raccolte-per-salvaguardarne-la-sovranita\/#article","isPartOf":{"@id":"https:\/\/ciapavia.com\/index.php\/2023\/07\/21\/cia-battaglia-salva-grano-51-mila-firme-raccolte-per-salvaguardarne-la-sovranita\/"},"author":{"name":"admin","@id":"https:\/\/ciapavia.com\/#\/schema\/person\/cb09bfde1754a08df071a37dd5d6bb32"},"headline":"Cia, battaglia \u201csalva-grano\u201d: 51 mila firme raccolte per salvaguardarne la sovranit\u00e0\u00a0","datePublished":"2023-07-21T08:24:37+00:00","dateModified":"2023-07-31T08:21:27+00:00","mainEntityOfPage":{"@id":"https:\/\/ciapavia.com\/index.php\/2023\/07\/21\/cia-battaglia-salva-grano-51-mila-firme-raccolte-per-salvaguardarne-la-sovranita\/"},"wordCount":739,"publisher":{"@id":"https:\/\/ciapavia.com\/#organization"},"image":{"@id":"https:\/\/ciapavia.com\/index.php\/2023\/07\/21\/cia-battaglia-salva-grano-51-mila-firme-raccolte-per-salvaguardarne-la-sovranita\/#primaryimage"},"thumbnailUrl":"https:\/\/ciapavia.com\/wp-content\/uploads\/2023\/07\/Salva-grano_Cia_home.jpg","articleSection":["Categoria 3"],"inLanguage":"it-IT"},{"@type":"WebPage","@id":"https:\/\/ciapavia.com\/index.php\/2023\/07\/21\/cia-battaglia-salva-grano-51-mila-firme-raccolte-per-salvaguardarne-la-sovranita\/","url":"https:\/\/ciapavia.com\/index.php\/2023\/07\/21\/cia-battaglia-salva-grano-51-mila-firme-raccolte-per-salvaguardarne-la-sovranita\/","name":"Cia, battaglia \u201csalva-grano\u201d: 51 mila firme raccolte per salvaguardarne la sovranit\u00e0\u00a0 - Cia Agricoltori Italiani Pavia","isPartOf":{"@id":"https:\/\/ciapavia.com\/#website"},"primaryImageOfPage":{"@id":"https:\/\/ciapavia.com\/index.php\/2023\/07\/21\/cia-battaglia-salva-grano-51-mila-firme-raccolte-per-salvaguardarne-la-sovranita\/#primaryimage"},"image":{"@id":"https:\/\/ciapavia.com\/index.php\/2023\/07\/21\/cia-battaglia-salva-grano-51-mila-firme-raccolte-per-salvaguardarne-la-sovranita\/#primaryimage"},"thumbnailUrl":"https:\/\/ciapavia.com\/wp-content\/uploads\/2023\/07\/Salva-grano_Cia_home.jpg","datePublished":"2023-07-21T08:24:37+00:00","dateModified":"2023-07-31T08:21:27+00:00","breadcrumb":{"@id":"https:\/\/ciapavia.com\/index.php\/2023\/07\/21\/cia-battaglia-salva-grano-51-mila-firme-raccolte-per-salvaguardarne-la-sovranita\/#breadcrumb"},"inLanguage":"it-IT","potentialAction":[{"@type":"ReadAction","target":["https:\/\/ciapavia.com\/index.php\/2023\/07\/21\/cia-battaglia-salva-grano-51-mila-firme-raccolte-per-salvaguardarne-la-sovranita\/"]}]},{"@type":"ImageObject","inLanguage":"it-IT","@id":"https:\/\/ciapavia.com\/index.php\/2023\/07\/21\/cia-battaglia-salva-grano-51-mila-firme-raccolte-per-salvaguardarne-la-sovranita\/#primaryimage","url":"https:\/\/ciapavia.com\/wp-content\/uploads\/2023\/07\/Salva-grano_Cia_home.jpg","contentUrl":"https:\/\/ciapavia.com\/wp-content\/uploads\/2023\/07\/Salva-grano_Cia_home.jpg","width":750,"height":600,"caption":"battaglia \u201csalva-grano\u201d"},{"@type":"BreadcrumbList","@id":"https:\/\/ciapavia.com\/index.php\/2023\/07\/21\/cia-battaglia-salva-grano-51-mila-firme-raccolte-per-salvaguardarne-la-sovranita\/#breadcrumb","itemListElement":[{"@type":"ListItem","position":1,"name":"Home","item":"https:\/\/ciapavia.com\/"},{"@type":"ListItem","position":2,"name":"Cia, battaglia \u201csalva-grano\u201d: 51 mila firme raccolte per salvaguardarne la sovranit\u00e0\u00a0"}]},{"@type":"WebSite","@id":"https:\/\/ciapavia.com\/#website","url":"https:\/\/ciapavia.com\/","name":"Cia Agricoltori Italiani Pavia","description":"La Cia-Agricoltori Italiani \u00e8 una delle maggiori organizzazioni di categoria d\u2019Europa che lavora per il miglioramento e la valorizzazione del settore primario e per la tutela delle condizioni dei suoi addetti","publisher":{"@id":"https:\/\/ciapavia.com\/#organization"},"alternateName":"La Cia-Agricoltori Italiani \u00e8 una delle maggiori organizzazioni di categoria d\u2019Europa che lavora per il miglioramento e la valorizzazione del settore primario e per la tutela delle condizioni dei suoi addetti","potentialAction":[{"@type":"SearchAction","target":{"@type":"EntryPoint","urlTemplate":"https:\/\/ciapavia.com\/?s={search_term_string}"},"query-input":{"@type":"PropertyValueSpecification","valueRequired":true,"valueName":"search_term_string"}}],"inLanguage":"it-IT"},{"@type":"Organization","@id":"https:\/\/ciapavia.com\/#organization","name":"Cia Pavia","alternateName":"Cia Pavia","url":"https:\/\/ciapavia.com\/","logo":{"@type":"ImageObject","inLanguage":"it-IT","@id":"https:\/\/ciapavia.com\/#\/schema\/logo\/image\/","url":"https:\/\/ciapavia.com\/wp-content\/uploads\/2022\/12\/cropped-cropped-logo_sito.png","contentUrl":"https:\/\/ciapavia.com\/wp-content\/uploads\/2022\/12\/cropped-cropped-logo_sito.png","width":720,"height":250,"caption":"Cia Pavia"},"image":{"@id":"https:\/\/ciapavia.com\/#\/schema\/logo\/image\/"},"sameAs":["https:\/\/www.facebook.com\/cia.provinciapavia"]},{"@type":"Person","@id":"https:\/\/ciapavia.com\/#\/schema\/person\/cb09bfde1754a08df071a37dd5d6bb32","name":"admin","sameAs":["https:\/\/ciapavia.com"],"url":"https:\/\/ciapavia.com\/index.php\/author\/viacovo\/"}]}},"_links":{"self":[{"href":"https:\/\/ciapavia.com\/index.php\/wp-json\/wp\/v2\/posts\/329","targetHints":{"allow":["GET"]}}],"collection":[{"href":"https:\/\/ciapavia.com\/index.php\/wp-json\/wp\/v2\/posts"}],"about":[{"href":"https:\/\/ciapavia.com\/index.php\/wp-json\/wp\/v2\/types\/post"}],"author":[{"embeddable":true,"href":"https:\/\/ciapavia.com\/index.php\/wp-json\/wp\/v2\/users\/1"}],"replies":[{"embeddable":true,"href":"https:\/\/ciapavia.com\/index.php\/wp-json\/wp\/v2\/comments?post=329"}],"version-history":[{"count":4,"href":"https:\/\/ciapavia.com\/index.php\/wp-json\/wp\/v2\/posts\/329\/revisions"}],"predecessor-version":[{"id":336,"href":"https:\/\/ciapavia.com\/index.php\/wp-json\/wp\/v2\/posts\/329\/revisions\/336"}],"wp:featuredmedia":[{"embeddable":true,"href":"https:\/\/ciapavia.com\/index.php\/wp-json\/wp\/v2\/media\/330"}],"wp:attachment":[{"href":"https:\/\/ciapavia.com\/index.php\/wp-json\/wp\/v2\/media?parent=329"}],"wp:term":[{"taxonomy":"category","embeddable":true,"href":"https:\/\/ciapavia.com\/index.php\/wp-json\/wp\/v2\/categories?post=329"},{"taxonomy":"post_tag","embeddable":true,"href":"https:\/\/ciapavia.com\/index.php\/wp-json\/wp\/v2\/tags?post=329"}],"curies":[{"name":"wp","href":"https:\/\/api.w.org\/{rel}","templated":true}]}}