{"id":315,"date":"2023-06-28T11:04:15","date_gmt":"2023-06-28T11:04:15","guid":{"rendered":"https:\/\/ciapavia.com\/?p=315"},"modified":"2023-07-10T10:10:52","modified_gmt":"2023-07-10T10:10:52","slug":"pensioni-anp-cia-a-luglio-quattordicesima-e-aumento-delle-minime","status":"publish","type":"post","link":"https:\/\/ciapavia.com\/index.php\/2023\/06\/28\/pensioni-anp-cia-a-luglio-quattordicesima-e-aumento-delle-minime\/","title":{"rendered":"Pensioni: Anp-Cia, a luglio quattordicesima e aumento delle minime\u00a0"},"content":{"rendered":"\n<p><em><strong>Boccata d\u2019ossigeno contro inflazione e caro bollette, ma servono misure strutturali<\/strong><\/em><\/p>\n\n\n\n<p>Roma, 28 giu &#8211; A luglio torna la quattordicesima mensilit\u00e0 per 3 milioni di pensionati dai 64 anni in su e con assegni sotto i 1.100 euro e poi arriva, finalmente, l\u2019aumento delle pensioni minime, in particolare per gli over 75 con lo scatto a 600 euro, come previsto dalla legge di Bilancio. Lo ricorda Anp, l\u2019Associazione nazionale pensionati di Cia-Agricoltori Italiani, aggiungendo che, con la mensilit\u00e0 in pi\u00f9, giungeranno anche tutti gli arretrati dovuti a partire da gennaio, non ancora erogati.\u00a0<br>\u201c\u00c8 una boccata d\u2019ossigeno indispensabile -spiega il presidente nazionale di Anp-Cia, Alessandro Del Carlo- per una fascia di popolazione che \u00e8 precipitata in condizioni di disagio sociale a causa della crisi, tra inflazione e caro bollette\u201d.<br>Difficolt\u00e0 certificate anche dall\u2019Istat nell\u2019ultimo report su reddito e condizioni di vita, dove si rileva che 1 persona su 4 \u00e8 a rischio povert\u00e0, con gli aumenti dei costi fissi che colpiscono pesantemente i redditi pi\u00f9 bassi, mentre i diritti sociali, come il diritto a cure tempestive assicurate dal Servizio sanitario nazionale, si ridimensionano di anno in anno.<br>Per questo, evidenzia Del Carlo, \u201cla quattordicesima, co\u00ec come i primi incrementi degli assegni, non sono sufficienti in questa fase, ma restano misure tampone a cui vanno necessariamente affiancati provvedimenti strutturali\u201d. In questo senso, prioritario per Anp-Cia \u00e8: aumentare le pensioni al minimo almeno a 780 euro; adeguare le modalit\u00e0 di indicizzazione delle pensioni per difenderne il potere d\u2019acquisto, che \u00e8 calato gi\u00e0 dell\u201911%; istituire una pensione di garanzia per i giovani.<br>In pi\u00f9, \u201cbisogna assolutamente modificare le regole previdenziali per le donne, oggi assai penalizzanti -aggiunge la vicepresidente nazionale di Anp-Cia, Giovanna Gazzetta-. Ricordiamo, infatti, che la quattordicesima ha un importo variabile a seconda della contribuzione con cui \u00e8 stata liquidata la pensione, elemento che sfavorisce le donne, che hanno alle spalle una carriera lavorativa spesso discontinua\u201d.<br>Ecco perch\u00e9, conclude il presidente di Anp-Cia, \u201cnonostante alcuni miglioramenti, che apprezziamo, il nodo delle pensioni basse resta aperto. Manca ancora il riconoscimento pieno del diritto a una pensione dignitosa, capace di garantire l\u2019autonomia economica delle famiglie\u201d. Proprio \u201ci diritti e la dignit\u00e0 per i pensionati sono gli obiettivi che Anp intende perseguire -conclude Del Carlo- anche attraverso una nuova stagione di mobilitazione per sensibilizzare parlamentari e governo in vista della nuova legge di Bilancio\u201d.<\/p>\n","protected":false},"excerpt":{"rendered":"<p>Boccata d\u2019ossigeno contro inflazione e caro bollette, ma servono misure strutturali Roma, 28 giu &#8211; A luglio torna la quattordicesima mensilit\u00e0 per 3 milioni di pensionati dai 64 anni in su e con assegni sotto i 1.100 euro e poi arriva, finalmente, l\u2019aumento delle pensioni minime, in particolare per gli over 75 con lo scatto &#8230; <a href=\"https:\/\/ciapavia.com\/index.php\/2023\/06\/28\/pensioni-anp-cia-a-luglio-quattordicesima-e-aumento-delle-minime\/\" class=\"more-link\">Read More <span class=\"screen-reader-text\">about  Pensioni: Anp-Cia, a luglio quattordicesima e aumento delle minime\u00a0<\/span><\/a><\/p>\n","protected":false},"author":1,"featured_media":316,"comment_status":"closed","ping_status":"open","sticky":false,"template":"","format":"standard","meta":{"_genesis_hide_title":false,"_genesis_hide_breadcrumbs":false,"_genesis_hide_singular_image":false,"_genesis_hide_footer_widgets":false,"_genesis_custom_body_class":"","_genesis_custom_post_class":"","_genesis_layout":"","footnotes":""},"categories":[5],"tags":[],"class_list":{"0":"post-315","1":"post","2":"type-post","3":"status-publish","4":"format-standard","5":"has-post-thumbnail","7":"category-categoria-2","8":"entry"},"yoast_head":"<!-- This site is optimized with the Yoast SEO plugin v27.3 - https:\/\/yoast.com\/product\/yoast-seo-wordpress\/ -->\n<title>Pensioni: Anp-Cia, a luglio quattordicesima e aumento delle minime\u00a0 - Cia Agricoltori Italiani Pavia<\/title>\n<meta name=\"robots\" content=\"index, follow, max-snippet:-1, max-image-preview:large, max-video-preview:-1\" \/>\n<link rel=\"canonical\" href=\"https:\/\/ciapavia.com\/index.php\/2023\/06\/28\/pensioni-anp-cia-a-luglio-quattordicesima-e-aumento-delle-minime\/\" \/>\n<meta property=\"og:locale\" content=\"it_IT\" \/>\n<meta property=\"og:type\" content=\"article\" \/>\n<meta property=\"og:title\" content=\"Pensioni: Anp-Cia, a luglio quattordicesima e aumento delle minime\u00a0\" \/>\n<meta property=\"og:description\" content=\"Boccata d\u2019ossigeno contro inflazione e caro bollette, ma servono misure strutturali Roma, 28 giu &#8211; A luglio torna la quattordicesima mensilit\u00e0 per 3 milioni di pensionati dai 64 anni in su e con assegni sotto i 1.100 euro e poi arriva, finalmente, l\u2019aumento delle pensioni minime, in particolare per gli over 75 con lo scatto ... Read More about Pensioni: Anp-Cia, a luglio quattordicesima e aumento delle minime\u00a0\" \/>\n<meta property=\"og:url\" content=\"https:\/\/ciapavia.com\/index.php\/2023\/06\/28\/pensioni-anp-cia-a-luglio-quattordicesima-e-aumento-delle-minime\/\" \/>\n<meta property=\"og:site_name\" content=\"Cia Agricoltori Italiani Pavia\" \/>\n<meta property=\"article:publisher\" content=\"https:\/\/www.facebook.com\/cia.provinciapavia\" \/>\n<meta property=\"article:published_time\" content=\"2023-06-28T11:04:15+00:00\" \/>\n<meta property=\"article:modified_time\" content=\"2023-07-10T10:10:52+00:00\" \/>\n<meta property=\"og:image\" content=\"https:\/\/ciapavia.com\/wp-content\/uploads\/2023\/06\/pensioni.jpg\" \/>\n\t<meta property=\"og:image:width\" content=\"750\" \/>\n\t<meta property=\"og:image:height\" content=\"600\" \/>\n\t<meta property=\"og:image:type\" content=\"image\/jpeg\" \/>\n<meta name=\"author\" content=\"admin\" \/>\n<meta name=\"twitter:card\" content=\"summary_large_image\" \/>\n<meta name=\"twitter:label1\" content=\"Scritto da\" \/>\n\t<meta name=\"twitter:data1\" content=\"admin\" \/>\n\t<meta name=\"twitter:label2\" content=\"Tempo di lettura stimato\" \/>\n\t<meta name=\"twitter:data2\" content=\"3 minuti\" \/>\n<script type=\"application\/ld+json\" class=\"yoast-schema-graph\">{\"@context\":\"https:\\\/\\\/schema.org\",\"@graph\":[{\"@type\":\"Article\",\"@id\":\"https:\\\/\\\/ciapavia.com\\\/index.php\\\/2023\\\/06\\\/28\\\/pensioni-anp-cia-a-luglio-quattordicesima-e-aumento-delle-minime\\\/#article\",\"isPartOf\":{\"@id\":\"https:\\\/\\\/ciapavia.com\\\/index.php\\\/2023\\\/06\\\/28\\\/pensioni-anp-cia-a-luglio-quattordicesima-e-aumento-delle-minime\\\/\"},\"author\":{\"name\":\"admin\",\"@id\":\"https:\\\/\\\/ciapavia.com\\\/#\\\/schema\\\/person\\\/cb09bfde1754a08df071a37dd5d6bb32\"},\"headline\":\"Pensioni: Anp-Cia, a luglio quattordicesima e aumento delle minime\u00a0\",\"datePublished\":\"2023-06-28T11:04:15+00:00\",\"dateModified\":\"2023-07-10T10:10:52+00:00\",\"mainEntityOfPage\":{\"@id\":\"https:\\\/\\\/ciapavia.com\\\/index.php\\\/2023\\\/06\\\/28\\\/pensioni-anp-cia-a-luglio-quattordicesima-e-aumento-delle-minime\\\/\"},\"wordCount\":392,\"publisher\":{\"@id\":\"https:\\\/\\\/ciapavia.com\\\/#organization\"},\"image\":{\"@id\":\"https:\\\/\\\/ciapavia.com\\\/index.php\\\/2023\\\/06\\\/28\\\/pensioni-anp-cia-a-luglio-quattordicesima-e-aumento-delle-minime\\\/#primaryimage\"},\"thumbnailUrl\":\"https:\\\/\\\/ciapavia.com\\\/wp-content\\\/uploads\\\/2023\\\/06\\\/pensioni.jpg\",\"articleSection\":[\"Categoria 2\"],\"inLanguage\":\"it-IT\"},{\"@type\":\"WebPage\",\"@id\":\"https:\\\/\\\/ciapavia.com\\\/index.php\\\/2023\\\/06\\\/28\\\/pensioni-anp-cia-a-luglio-quattordicesima-e-aumento-delle-minime\\\/\",\"url\":\"https:\\\/\\\/ciapavia.com\\\/index.php\\\/2023\\\/06\\\/28\\\/pensioni-anp-cia-a-luglio-quattordicesima-e-aumento-delle-minime\\\/\",\"name\":\"Pensioni: Anp-Cia, a luglio quattordicesima e aumento delle minime\u00a0 - Cia Agricoltori Italiani Pavia\",\"isPartOf\":{\"@id\":\"https:\\\/\\\/ciapavia.com\\\/#website\"},\"primaryImageOfPage\":{\"@id\":\"https:\\\/\\\/ciapavia.com\\\/index.php\\\/2023\\\/06\\\/28\\\/pensioni-anp-cia-a-luglio-quattordicesima-e-aumento-delle-minime\\\/#primaryimage\"},\"image\":{\"@id\":\"https:\\\/\\\/ciapavia.com\\\/index.php\\\/2023\\\/06\\\/28\\\/pensioni-anp-cia-a-luglio-quattordicesima-e-aumento-delle-minime\\\/#primaryimage\"},\"thumbnailUrl\":\"https:\\\/\\\/ciapavia.com\\\/wp-content\\\/uploads\\\/2023\\\/06\\\/pensioni.jpg\",\"datePublished\":\"2023-06-28T11:04:15+00:00\",\"dateModified\":\"2023-07-10T10:10:52+00:00\",\"breadcrumb\":{\"@id\":\"https:\\\/\\\/ciapavia.com\\\/index.php\\\/2023\\\/06\\\/28\\\/pensioni-anp-cia-a-luglio-quattordicesima-e-aumento-delle-minime\\\/#breadcrumb\"},\"inLanguage\":\"it-IT\",\"potentialAction\":[{\"@type\":\"ReadAction\",\"target\":[\"https:\\\/\\\/ciapavia.com\\\/index.php\\\/2023\\\/06\\\/28\\\/pensioni-anp-cia-a-luglio-quattordicesima-e-aumento-delle-minime\\\/\"]}]},{\"@type\":\"ImageObject\",\"inLanguage\":\"it-IT\",\"@id\":\"https:\\\/\\\/ciapavia.com\\\/index.php\\\/2023\\\/06\\\/28\\\/pensioni-anp-cia-a-luglio-quattordicesima-e-aumento-delle-minime\\\/#primaryimage\",\"url\":\"https:\\\/\\\/ciapavia.com\\\/wp-content\\\/uploads\\\/2023\\\/06\\\/pensioni.jpg\",\"contentUrl\":\"https:\\\/\\\/ciapavia.com\\\/wp-content\\\/uploads\\\/2023\\\/06\\\/pensioni.jpg\",\"width\":750,\"height\":600,\"caption\":\"Pensioni\"},{\"@type\":\"BreadcrumbList\",\"@id\":\"https:\\\/\\\/ciapavia.com\\\/index.php\\\/2023\\\/06\\\/28\\\/pensioni-anp-cia-a-luglio-quattordicesima-e-aumento-delle-minime\\\/#breadcrumb\",\"itemListElement\":[{\"@type\":\"ListItem\",\"position\":1,\"name\":\"Home\",\"item\":\"https:\\\/\\\/ciapavia.com\\\/\"},{\"@type\":\"ListItem\",\"position\":2,\"name\":\"Pensioni: Anp-Cia, a luglio quattordicesima e aumento delle minime\u00a0\"}]},{\"@type\":\"WebSite\",\"@id\":\"https:\\\/\\\/ciapavia.com\\\/#website\",\"url\":\"https:\\\/\\\/ciapavia.com\\\/\",\"name\":\"Cia Agricoltori Italiani Pavia\",\"description\":\"La Cia-Agricoltori Italiani \u00e8 una delle maggiori organizzazioni di categoria d\u2019Europa che lavora per il miglioramento e la valorizzazione del settore primario e per la tutela delle condizioni dei suoi addetti\",\"publisher\":{\"@id\":\"https:\\\/\\\/ciapavia.com\\\/#organization\"},\"alternateName\":\"La Cia-Agricoltori Italiani \u00e8 una delle maggiori organizzazioni di categoria d\u2019Europa che lavora per il miglioramento e la valorizzazione del settore primario e per la tutela delle condizioni dei suoi addetti\",\"potentialAction\":[{\"@type\":\"SearchAction\",\"target\":{\"@type\":\"EntryPoint\",\"urlTemplate\":\"https:\\\/\\\/ciapavia.com\\\/?s={search_term_string}\"},\"query-input\":{\"@type\":\"PropertyValueSpecification\",\"valueRequired\":true,\"valueName\":\"search_term_string\"}}],\"inLanguage\":\"it-IT\"},{\"@type\":\"Organization\",\"@id\":\"https:\\\/\\\/ciapavia.com\\\/#organization\",\"name\":\"Cia Pavia\",\"alternateName\":\"Cia Pavia\",\"url\":\"https:\\\/\\\/ciapavia.com\\\/\",\"logo\":{\"@type\":\"ImageObject\",\"inLanguage\":\"it-IT\",\"@id\":\"https:\\\/\\\/ciapavia.com\\\/#\\\/schema\\\/logo\\\/image\\\/\",\"url\":\"https:\\\/\\\/ciapavia.com\\\/wp-content\\\/uploads\\\/2022\\\/12\\\/cropped-cropped-logo_sito.png\",\"contentUrl\":\"https:\\\/\\\/ciapavia.com\\\/wp-content\\\/uploads\\\/2022\\\/12\\\/cropped-cropped-logo_sito.png\",\"width\":720,\"height\":250,\"caption\":\"Cia Pavia\"},\"image\":{\"@id\":\"https:\\\/\\\/ciapavia.com\\\/#\\\/schema\\\/logo\\\/image\\\/\"},\"sameAs\":[\"https:\\\/\\\/www.facebook.com\\\/cia.provinciapavia\"]},{\"@type\":\"Person\",\"@id\":\"https:\\\/\\\/ciapavia.com\\\/#\\\/schema\\\/person\\\/cb09bfde1754a08df071a37dd5d6bb32\",\"name\":\"admin\",\"sameAs\":[\"https:\\\/\\\/ciapavia.com\"],\"url\":\"https:\\\/\\\/ciapavia.com\\\/index.php\\\/author\\\/viacovo\\\/\"}]}<\/script>\n<!-- \/ Yoast SEO plugin. -->","yoast_head_json":{"title":"Pensioni: Anp-Cia, a luglio quattordicesima e aumento delle minime\u00a0 - Cia Agricoltori Italiani Pavia","robots":{"index":"index","follow":"follow","max-snippet":"max-snippet:-1","max-image-preview":"max-image-preview:large","max-video-preview":"max-video-preview:-1"},"canonical":"https:\/\/ciapavia.com\/index.php\/2023\/06\/28\/pensioni-anp-cia-a-luglio-quattordicesima-e-aumento-delle-minime\/","og_locale":"it_IT","og_type":"article","og_title":"Pensioni: Anp-Cia, a luglio quattordicesima e aumento delle minime\u00a0","og_description":"Boccata d\u2019ossigeno contro inflazione e caro bollette, ma servono misure strutturali Roma, 28 giu &#8211; A luglio torna la quattordicesima mensilit\u00e0 per 3 milioni di pensionati dai 64 anni in su e con assegni sotto i 1.100 euro e poi arriva, finalmente, l\u2019aumento delle pensioni minime, in particolare per gli over 75 con lo scatto ... Read More about Pensioni: Anp-Cia, a luglio quattordicesima e aumento delle minime\u00a0","og_url":"https:\/\/ciapavia.com\/index.php\/2023\/06\/28\/pensioni-anp-cia-a-luglio-quattordicesima-e-aumento-delle-minime\/","og_site_name":"Cia Agricoltori Italiani Pavia","article_publisher":"https:\/\/www.facebook.com\/cia.provinciapavia","article_published_time":"2023-06-28T11:04:15+00:00","article_modified_time":"2023-07-10T10:10:52+00:00","og_image":[{"width":750,"height":600,"url":"https:\/\/ciapavia.com\/wp-content\/uploads\/2023\/06\/pensioni.jpg","type":"image\/jpeg"}],"author":"admin","twitter_card":"summary_large_image","twitter_misc":{"Scritto da":"admin","Tempo di lettura stimato":"3 minuti"},"schema":{"@context":"https:\/\/schema.org","@graph":[{"@type":"Article","@id":"https:\/\/ciapavia.com\/index.php\/2023\/06\/28\/pensioni-anp-cia-a-luglio-quattordicesima-e-aumento-delle-minime\/#article","isPartOf":{"@id":"https:\/\/ciapavia.com\/index.php\/2023\/06\/28\/pensioni-anp-cia-a-luglio-quattordicesima-e-aumento-delle-minime\/"},"author":{"name":"admin","@id":"https:\/\/ciapavia.com\/#\/schema\/person\/cb09bfde1754a08df071a37dd5d6bb32"},"headline":"Pensioni: Anp-Cia, a luglio quattordicesima e aumento delle minime\u00a0","datePublished":"2023-06-28T11:04:15+00:00","dateModified":"2023-07-10T10:10:52+00:00","mainEntityOfPage":{"@id":"https:\/\/ciapavia.com\/index.php\/2023\/06\/28\/pensioni-anp-cia-a-luglio-quattordicesima-e-aumento-delle-minime\/"},"wordCount":392,"publisher":{"@id":"https:\/\/ciapavia.com\/#organization"},"image":{"@id":"https:\/\/ciapavia.com\/index.php\/2023\/06\/28\/pensioni-anp-cia-a-luglio-quattordicesima-e-aumento-delle-minime\/#primaryimage"},"thumbnailUrl":"https:\/\/ciapavia.com\/wp-content\/uploads\/2023\/06\/pensioni.jpg","articleSection":["Categoria 2"],"inLanguage":"it-IT"},{"@type":"WebPage","@id":"https:\/\/ciapavia.com\/index.php\/2023\/06\/28\/pensioni-anp-cia-a-luglio-quattordicesima-e-aumento-delle-minime\/","url":"https:\/\/ciapavia.com\/index.php\/2023\/06\/28\/pensioni-anp-cia-a-luglio-quattordicesima-e-aumento-delle-minime\/","name":"Pensioni: Anp-Cia, a luglio quattordicesima e aumento delle minime\u00a0 - Cia Agricoltori Italiani Pavia","isPartOf":{"@id":"https:\/\/ciapavia.com\/#website"},"primaryImageOfPage":{"@id":"https:\/\/ciapavia.com\/index.php\/2023\/06\/28\/pensioni-anp-cia-a-luglio-quattordicesima-e-aumento-delle-minime\/#primaryimage"},"image":{"@id":"https:\/\/ciapavia.com\/index.php\/2023\/06\/28\/pensioni-anp-cia-a-luglio-quattordicesima-e-aumento-delle-minime\/#primaryimage"},"thumbnailUrl":"https:\/\/ciapavia.com\/wp-content\/uploads\/2023\/06\/pensioni.jpg","datePublished":"2023-06-28T11:04:15+00:00","dateModified":"2023-07-10T10:10:52+00:00","breadcrumb":{"@id":"https:\/\/ciapavia.com\/index.php\/2023\/06\/28\/pensioni-anp-cia-a-luglio-quattordicesima-e-aumento-delle-minime\/#breadcrumb"},"inLanguage":"it-IT","potentialAction":[{"@type":"ReadAction","target":["https:\/\/ciapavia.com\/index.php\/2023\/06\/28\/pensioni-anp-cia-a-luglio-quattordicesima-e-aumento-delle-minime\/"]}]},{"@type":"ImageObject","inLanguage":"it-IT","@id":"https:\/\/ciapavia.com\/index.php\/2023\/06\/28\/pensioni-anp-cia-a-luglio-quattordicesima-e-aumento-delle-minime\/#primaryimage","url":"https:\/\/ciapavia.com\/wp-content\/uploads\/2023\/06\/pensioni.jpg","contentUrl":"https:\/\/ciapavia.com\/wp-content\/uploads\/2023\/06\/pensioni.jpg","width":750,"height":600,"caption":"Pensioni"},{"@type":"BreadcrumbList","@id":"https:\/\/ciapavia.com\/index.php\/2023\/06\/28\/pensioni-anp-cia-a-luglio-quattordicesima-e-aumento-delle-minime\/#breadcrumb","itemListElement":[{"@type":"ListItem","position":1,"name":"Home","item":"https:\/\/ciapavia.com\/"},{"@type":"ListItem","position":2,"name":"Pensioni: Anp-Cia, a luglio quattordicesima e aumento delle minime\u00a0"}]},{"@type":"WebSite","@id":"https:\/\/ciapavia.com\/#website","url":"https:\/\/ciapavia.com\/","name":"Cia Agricoltori Italiani Pavia","description":"La Cia-Agricoltori Italiani \u00e8 una delle maggiori organizzazioni di categoria d\u2019Europa che lavora per il miglioramento e la valorizzazione del settore primario e per la tutela delle condizioni dei suoi addetti","publisher":{"@id":"https:\/\/ciapavia.com\/#organization"},"alternateName":"La Cia-Agricoltori Italiani \u00e8 una delle maggiori organizzazioni di categoria d\u2019Europa che lavora per il miglioramento e la valorizzazione del settore primario e per la tutela delle condizioni dei suoi addetti","potentialAction":[{"@type":"SearchAction","target":{"@type":"EntryPoint","urlTemplate":"https:\/\/ciapavia.com\/?s={search_term_string}"},"query-input":{"@type":"PropertyValueSpecification","valueRequired":true,"valueName":"search_term_string"}}],"inLanguage":"it-IT"},{"@type":"Organization","@id":"https:\/\/ciapavia.com\/#organization","name":"Cia Pavia","alternateName":"Cia Pavia","url":"https:\/\/ciapavia.com\/","logo":{"@type":"ImageObject","inLanguage":"it-IT","@id":"https:\/\/ciapavia.com\/#\/schema\/logo\/image\/","url":"https:\/\/ciapavia.com\/wp-content\/uploads\/2022\/12\/cropped-cropped-logo_sito.png","contentUrl":"https:\/\/ciapavia.com\/wp-content\/uploads\/2022\/12\/cropped-cropped-logo_sito.png","width":720,"height":250,"caption":"Cia Pavia"},"image":{"@id":"https:\/\/ciapavia.com\/#\/schema\/logo\/image\/"},"sameAs":["https:\/\/www.facebook.com\/cia.provinciapavia"]},{"@type":"Person","@id":"https:\/\/ciapavia.com\/#\/schema\/person\/cb09bfde1754a08df071a37dd5d6bb32","name":"admin","sameAs":["https:\/\/ciapavia.com"],"url":"https:\/\/ciapavia.com\/index.php\/author\/viacovo\/"}]}},"_links":{"self":[{"href":"https:\/\/ciapavia.com\/index.php\/wp-json\/wp\/v2\/posts\/315","targetHints":{"allow":["GET"]}}],"collection":[{"href":"https:\/\/ciapavia.com\/index.php\/wp-json\/wp\/v2\/posts"}],"about":[{"href":"https:\/\/ciapavia.com\/index.php\/wp-json\/wp\/v2\/types\/post"}],"author":[{"embeddable":true,"href":"https:\/\/ciapavia.com\/index.php\/wp-json\/wp\/v2\/users\/1"}],"replies":[{"embeddable":true,"href":"https:\/\/ciapavia.com\/index.php\/wp-json\/wp\/v2\/comments?post=315"}],"version-history":[{"count":1,"href":"https:\/\/ciapavia.com\/index.php\/wp-json\/wp\/v2\/posts\/315\/revisions"}],"predecessor-version":[{"id":317,"href":"https:\/\/ciapavia.com\/index.php\/wp-json\/wp\/v2\/posts\/315\/revisions\/317"}],"wp:featuredmedia":[{"embeddable":true,"href":"https:\/\/ciapavia.com\/index.php\/wp-json\/wp\/v2\/media\/316"}],"wp:attachment":[{"href":"https:\/\/ciapavia.com\/index.php\/wp-json\/wp\/v2\/media?parent=315"}],"wp:term":[{"taxonomy":"category","embeddable":true,"href":"https:\/\/ciapavia.com\/index.php\/wp-json\/wp\/v2\/categories?post=315"},{"taxonomy":"post_tag","embeddable":true,"href":"https:\/\/ciapavia.com\/index.php\/wp-json\/wp\/v2\/tags?post=315"}],"curies":[{"name":"wp","href":"https:\/\/api.w.org\/{rel}","templated":true}]}}