{"id":123,"date":"2023-04-13T14:55:28","date_gmt":"2023-04-13T14:55:28","guid":{"rendered":"https:\/\/ciapavia.com\/?p=123"},"modified":"2023-05-26T12:45:47","modified_gmt":"2023-05-26T12:45:47","slug":"grano-duro-cia-con-questi-prezzi-addio-a-pasta-made-in-italy","status":"publish","type":"post","link":"https:\/\/ciapavia.com\/index.php\/2023\/04\/13\/grano-duro-cia-con-questi-prezzi-addio-a-pasta-made-in-italy\/","title":{"rendered":"Grano duro: Cia, con questi prezzi addio a pasta Made in Italy"},"content":{"rendered":"\n<p><strong>Cos\u00ec la sovranit\u00e0 alimentare diventa slogan vuoto di significato<\/strong><br>\u201cSe non si riconosce valore ad un prodotto che ha elevati standard qualitativi, ma costi di produzione meno competitivi rispetto a Paesi esteri, sostenere la sovranit\u00e0 alimentare diventa uno slogan vuoto di significato\u201d. Cos\u00ec il presidente di Cia-Agricoltori Italiani, Cristiano Fini, nella riunione odierna del Tavolo frumento duro presso il Ministero dell\u2019Agricoltura, della Sovranit\u00e0 Alimentare e delle Foreste, alla presenza del ministro Francesco Lollobrigida. Secondo Cia, in Italia \u00e8 sempre pi\u00f9 a rischio la produzione agricola di grano duro -la pi\u00f9 estesa per superficie nel Paese- materia prima per un prodotto di eccellenza del Made in Italy come la pasta. Il prezzo continua, infatti, a sprofondare, con un crollo delle quotazioni, che si aggira sui 380 euro a tonnellata, mentre nello stesso periodo del 2022 era di 550 euro\/ton. I margini per le aziende agricole sono cos\u00ec troppo esigui ed \u00e8 a rischio la prossima stagione di semine. Cia segnala che stanno, invece, aumentando i prezzi dei prodotti trasformati all\u2019interno della filiera e le esportazioni sono cresciute al ritmo del +5% nel 2022, per un valore totale di 3,7 miliardi. Per Cia \u00e8, dunque, necessario mettere in campo quelle azioni strutturali di cui si parla da anni per riequilibrare la catena del valore, che \u00e8 oggi troppo penalizzante per gli agricoltori. Cia pone l\u2019attenzione sulla valorizzazione dell\u2019origine del prodotto e chiede maggiori risorse da investire sui contratti di filiera che favoriscano le produzioni domestiche, incentivando la coltivazione del grano duro Made in Italy. Per una strategia di medio\/lungo periodo Cia ritiene, inoltre, necessari forti investimenti in ricerca per aumentare le rese e favorire produzioni sempre pi\u00f9 sostenibili anche in chiave ambientale. Il rafforzamento della filiera aumenterebbe cos\u00ec gli investimenti dei nostri produttori e ridimensionerebbe il ricorso all\u2019import. Secondo Fini bisogna dare una forte spinta propulsiva al comparto e ridurre drasticamente la dipendenza dal prodotto estero. Per implementare l\u2019autosufficienza nazionale e aiutare le aziende a produrre pi\u00f9 grano di qualit\u00e0 come richiesto dell&#8217;industria molitoria, occorre lavorare sulla trasparenza dei prezzi con il ripristino della CUN (Commissione Unica Nazionale) favorendo il dialogo interprofessionale ed \u00e8 allo stesso tempo necessaria l&#8217;istituzione di Granaio d&#8217;Italia e del relativo Registro Telematico dei Cereali, che prevede azioni di contrasto verso i fenomeni speculativi. Si devono, infine, studiare con Ismea nuovi strumenti che certifichino i costi di produzione del grano duro.<\/p>\n\n\n\n<figure class=\"wp-block-image size-full\"><img loading=\"lazy\" decoding=\"async\" width=\"750\" height=\"601\" src=\"https:\/\/ciapavia.com\/wp-content\/uploads\/2023\/04\/tavolo_grano_masaf.jpg\" alt=\"Grano duro\" class=\"wp-image-124\" srcset=\"https:\/\/ciapavia.com\/wp-content\/uploads\/2023\/04\/tavolo_grano_masaf.jpg 750w, https:\/\/ciapavia.com\/wp-content\/uploads\/2023\/04\/tavolo_grano_masaf-300x240.jpg 300w\" sizes=\"auto, (max-width: 750px) 100vw, 750px\" \/><\/figure>\n","protected":false},"excerpt":{"rendered":"<p>Cos\u00ec la sovranit\u00e0 alimentare diventa slogan vuoto di significato\u201cSe non si riconosce valore ad un prodotto che ha elevati standard qualitativi, ma costi di produzione meno competitivi rispetto a Paesi esteri, sostenere la sovranit\u00e0 alimentare diventa uno slogan vuoto di significato\u201d. Cos\u00ec il presidente di Cia-Agricoltori Italiani, Cristiano Fini, nella riunione odierna del Tavolo frumento &#8230; <a href=\"https:\/\/ciapavia.com\/index.php\/2023\/04\/13\/grano-duro-cia-con-questi-prezzi-addio-a-pasta-made-in-italy\/\" class=\"more-link\">Read More <span class=\"screen-reader-text\">about  Grano duro: Cia, con questi prezzi addio a pasta Made in Italy<\/span><\/a><\/p>\n","protected":false},"author":1,"featured_media":124,"comment_status":"closed","ping_status":"open","sticky":false,"template":"","format":"standard","meta":{"_genesis_hide_title":false,"_genesis_hide_breadcrumbs":false,"_genesis_hide_singular_image":false,"_genesis_hide_footer_widgets":false,"_genesis_custom_body_class":"","_genesis_custom_post_class":"","_genesis_layout":"","footnotes":""},"categories":[6,3],"tags":[],"class_list":{"0":"post-123","1":"post","2":"type-post","3":"status-publish","4":"format-standard","5":"has-post-thumbnail","7":"category-categoria-3","8":"category-news","9":"entry"},"yoast_head":"<!-- This site is optimized with the Yoast SEO plugin v27.3 - https:\/\/yoast.com\/product\/yoast-seo-wordpress\/ -->\n<title>Grano duro: Cia, con questi prezzi addio a pasta Made in Italy - Cia Agricoltori Italiani Pavia<\/title>\n<meta name=\"robots\" content=\"index, follow, max-snippet:-1, max-image-preview:large, max-video-preview:-1\" \/>\n<link rel=\"canonical\" href=\"https:\/\/ciapavia.com\/index.php\/2023\/04\/13\/grano-duro-cia-con-questi-prezzi-addio-a-pasta-made-in-italy\/\" \/>\n<meta property=\"og:locale\" content=\"it_IT\" \/>\n<meta property=\"og:type\" content=\"article\" \/>\n<meta property=\"og:title\" content=\"Grano duro: Cia, con questi prezzi addio a pasta Made in Italy - Cia Agricoltori Italiani Pavia\" \/>\n<meta property=\"og:description\" content=\"Cos\u00ec la sovranit\u00e0 alimentare diventa slogan vuoto di significato\u201cSe non si riconosce valore ad un prodotto che ha elevati standard qualitativi, ma costi di produzione meno competitivi rispetto a Paesi esteri, sostenere la sovranit\u00e0 alimentare diventa uno slogan vuoto di significato\u201d. Cos\u00ec il presidente di Cia-Agricoltori Italiani, Cristiano Fini, nella riunione odierna del Tavolo frumento ... Read More about Grano duro: Cia, con questi prezzi addio a pasta Made in Italy\" \/>\n<meta property=\"og:url\" content=\"https:\/\/ciapavia.com\/index.php\/2023\/04\/13\/grano-duro-cia-con-questi-prezzi-addio-a-pasta-made-in-italy\/\" \/>\n<meta property=\"og:site_name\" content=\"Cia Agricoltori Italiani Pavia\" \/>\n<meta property=\"article:publisher\" content=\"https:\/\/www.facebook.com\/cia.provinciapavia\" \/>\n<meta property=\"article:published_time\" content=\"2023-04-13T14:55:28+00:00\" \/>\n<meta property=\"article:modified_time\" content=\"2023-05-26T12:45:47+00:00\" \/>\n<meta property=\"og:image\" content=\"https:\/\/ciapavia.com\/wp-content\/uploads\/2023\/04\/tavolo_grano_masaf.jpg\" \/>\n\t<meta property=\"og:image:width\" content=\"750\" \/>\n\t<meta property=\"og:image:height\" content=\"601\" \/>\n\t<meta property=\"og:image:type\" content=\"image\/jpeg\" \/>\n<meta name=\"author\" content=\"admin\" \/>\n<meta name=\"twitter:card\" content=\"summary_large_image\" \/>\n<meta name=\"twitter:label1\" content=\"Scritto da\" \/>\n\t<meta name=\"twitter:data1\" content=\"admin\" \/>\n\t<meta name=\"twitter:label2\" content=\"Tempo di lettura stimato\" \/>\n\t<meta name=\"twitter:data2\" content=\"3 minuti\" \/>\n<script type=\"application\/ld+json\" class=\"yoast-schema-graph\">{\"@context\":\"https:\\\/\\\/schema.org\",\"@graph\":[{\"@type\":\"Article\",\"@id\":\"https:\\\/\\\/ciapavia.com\\\/index.php\\\/2023\\\/04\\\/13\\\/grano-duro-cia-con-questi-prezzi-addio-a-pasta-made-in-italy\\\/#article\",\"isPartOf\":{\"@id\":\"https:\\\/\\\/ciapavia.com\\\/index.php\\\/2023\\\/04\\\/13\\\/grano-duro-cia-con-questi-prezzi-addio-a-pasta-made-in-italy\\\/\"},\"author\":{\"name\":\"admin\",\"@id\":\"https:\\\/\\\/ciapavia.com\\\/#\\\/schema\\\/person\\\/cb09bfde1754a08df071a37dd5d6bb32\"},\"headline\":\"Grano duro: Cia, con questi prezzi addio a pasta Made in Italy\",\"datePublished\":\"2023-04-13T14:55:28+00:00\",\"dateModified\":\"2023-05-26T12:45:47+00:00\",\"mainEntityOfPage\":{\"@id\":\"https:\\\/\\\/ciapavia.com\\\/index.php\\\/2023\\\/04\\\/13\\\/grano-duro-cia-con-questi-prezzi-addio-a-pasta-made-in-italy\\\/\"},\"wordCount\":402,\"publisher\":{\"@id\":\"https:\\\/\\\/ciapavia.com\\\/#organization\"},\"image\":{\"@id\":\"https:\\\/\\\/ciapavia.com\\\/index.php\\\/2023\\\/04\\\/13\\\/grano-duro-cia-con-questi-prezzi-addio-a-pasta-made-in-italy\\\/#primaryimage\"},\"thumbnailUrl\":\"https:\\\/\\\/ciapavia.com\\\/wp-content\\\/uploads\\\/2023\\\/04\\\/tavolo_grano_masaf.jpg\",\"articleSection\":[\"Categoria 3\",\"News\"],\"inLanguage\":\"it-IT\"},{\"@type\":\"WebPage\",\"@id\":\"https:\\\/\\\/ciapavia.com\\\/index.php\\\/2023\\\/04\\\/13\\\/grano-duro-cia-con-questi-prezzi-addio-a-pasta-made-in-italy\\\/\",\"url\":\"https:\\\/\\\/ciapavia.com\\\/index.php\\\/2023\\\/04\\\/13\\\/grano-duro-cia-con-questi-prezzi-addio-a-pasta-made-in-italy\\\/\",\"name\":\"Grano duro: Cia, con questi prezzi addio a pasta Made in Italy - Cia Agricoltori Italiani Pavia\",\"isPartOf\":{\"@id\":\"https:\\\/\\\/ciapavia.com\\\/#website\"},\"primaryImageOfPage\":{\"@id\":\"https:\\\/\\\/ciapavia.com\\\/index.php\\\/2023\\\/04\\\/13\\\/grano-duro-cia-con-questi-prezzi-addio-a-pasta-made-in-italy\\\/#primaryimage\"},\"image\":{\"@id\":\"https:\\\/\\\/ciapavia.com\\\/index.php\\\/2023\\\/04\\\/13\\\/grano-duro-cia-con-questi-prezzi-addio-a-pasta-made-in-italy\\\/#primaryimage\"},\"thumbnailUrl\":\"https:\\\/\\\/ciapavia.com\\\/wp-content\\\/uploads\\\/2023\\\/04\\\/tavolo_grano_masaf.jpg\",\"datePublished\":\"2023-04-13T14:55:28+00:00\",\"dateModified\":\"2023-05-26T12:45:47+00:00\",\"breadcrumb\":{\"@id\":\"https:\\\/\\\/ciapavia.com\\\/index.php\\\/2023\\\/04\\\/13\\\/grano-duro-cia-con-questi-prezzi-addio-a-pasta-made-in-italy\\\/#breadcrumb\"},\"inLanguage\":\"it-IT\",\"potentialAction\":[{\"@type\":\"ReadAction\",\"target\":[\"https:\\\/\\\/ciapavia.com\\\/index.php\\\/2023\\\/04\\\/13\\\/grano-duro-cia-con-questi-prezzi-addio-a-pasta-made-in-italy\\\/\"]}]},{\"@type\":\"ImageObject\",\"inLanguage\":\"it-IT\",\"@id\":\"https:\\\/\\\/ciapavia.com\\\/index.php\\\/2023\\\/04\\\/13\\\/grano-duro-cia-con-questi-prezzi-addio-a-pasta-made-in-italy\\\/#primaryimage\",\"url\":\"https:\\\/\\\/ciapavia.com\\\/wp-content\\\/uploads\\\/2023\\\/04\\\/tavolo_grano_masaf.jpg\",\"contentUrl\":\"https:\\\/\\\/ciapavia.com\\\/wp-content\\\/uploads\\\/2023\\\/04\\\/tavolo_grano_masaf.jpg\",\"width\":750,\"height\":601},{\"@type\":\"BreadcrumbList\",\"@id\":\"https:\\\/\\\/ciapavia.com\\\/index.php\\\/2023\\\/04\\\/13\\\/grano-duro-cia-con-questi-prezzi-addio-a-pasta-made-in-italy\\\/#breadcrumb\",\"itemListElement\":[{\"@type\":\"ListItem\",\"position\":1,\"name\":\"Home\",\"item\":\"https:\\\/\\\/ciapavia.com\\\/\"},{\"@type\":\"ListItem\",\"position\":2,\"name\":\"Grano duro: Cia, con questi prezzi addio a pasta Made in Italy\"}]},{\"@type\":\"WebSite\",\"@id\":\"https:\\\/\\\/ciapavia.com\\\/#website\",\"url\":\"https:\\\/\\\/ciapavia.com\\\/\",\"name\":\"Cia Agricoltori Italiani Pavia\",\"description\":\"La Cia-Agricoltori Italiani \u00e8 una delle maggiori organizzazioni di categoria d\u2019Europa che lavora per il miglioramento e la valorizzazione del settore primario e per la tutela delle condizioni dei suoi addetti\",\"publisher\":{\"@id\":\"https:\\\/\\\/ciapavia.com\\\/#organization\"},\"alternateName\":\"La Cia-Agricoltori Italiani \u00e8 una delle maggiori organizzazioni di categoria d\u2019Europa che lavora per il miglioramento e la valorizzazione del settore primario e per la tutela delle condizioni dei suoi addetti\",\"potentialAction\":[{\"@type\":\"SearchAction\",\"target\":{\"@type\":\"EntryPoint\",\"urlTemplate\":\"https:\\\/\\\/ciapavia.com\\\/?s={search_term_string}\"},\"query-input\":{\"@type\":\"PropertyValueSpecification\",\"valueRequired\":true,\"valueName\":\"search_term_string\"}}],\"inLanguage\":\"it-IT\"},{\"@type\":\"Organization\",\"@id\":\"https:\\\/\\\/ciapavia.com\\\/#organization\",\"name\":\"Cia Pavia\",\"alternateName\":\"Cia Pavia\",\"url\":\"https:\\\/\\\/ciapavia.com\\\/\",\"logo\":{\"@type\":\"ImageObject\",\"inLanguage\":\"it-IT\",\"@id\":\"https:\\\/\\\/ciapavia.com\\\/#\\\/schema\\\/logo\\\/image\\\/\",\"url\":\"https:\\\/\\\/ciapavia.com\\\/wp-content\\\/uploads\\\/2022\\\/12\\\/cropped-cropped-logo_sito.png\",\"contentUrl\":\"https:\\\/\\\/ciapavia.com\\\/wp-content\\\/uploads\\\/2022\\\/12\\\/cropped-cropped-logo_sito.png\",\"width\":720,\"height\":250,\"caption\":\"Cia Pavia\"},\"image\":{\"@id\":\"https:\\\/\\\/ciapavia.com\\\/#\\\/schema\\\/logo\\\/image\\\/\"},\"sameAs\":[\"https:\\\/\\\/www.facebook.com\\\/cia.provinciapavia\"]},{\"@type\":\"Person\",\"@id\":\"https:\\\/\\\/ciapavia.com\\\/#\\\/schema\\\/person\\\/cb09bfde1754a08df071a37dd5d6bb32\",\"name\":\"admin\",\"sameAs\":[\"https:\\\/\\\/ciapavia.com\"],\"url\":\"https:\\\/\\\/ciapavia.com\\\/index.php\\\/author\\\/viacovo\\\/\"}]}<\/script>\n<!-- \/ Yoast SEO plugin. -->","yoast_head_json":{"title":"Grano duro: Cia, con questi prezzi addio a pasta Made in Italy - Cia Agricoltori Italiani Pavia","robots":{"index":"index","follow":"follow","max-snippet":"max-snippet:-1","max-image-preview":"max-image-preview:large","max-video-preview":"max-video-preview:-1"},"canonical":"https:\/\/ciapavia.com\/index.php\/2023\/04\/13\/grano-duro-cia-con-questi-prezzi-addio-a-pasta-made-in-italy\/","og_locale":"it_IT","og_type":"article","og_title":"Grano duro: Cia, con questi prezzi addio a pasta Made in Italy - Cia Agricoltori Italiani Pavia","og_description":"Cos\u00ec la sovranit\u00e0 alimentare diventa slogan vuoto di significato\u201cSe non si riconosce valore ad un prodotto che ha elevati standard qualitativi, ma costi di produzione meno competitivi rispetto a Paesi esteri, sostenere la sovranit\u00e0 alimentare diventa uno slogan vuoto di significato\u201d. Cos\u00ec il presidente di Cia-Agricoltori Italiani, Cristiano Fini, nella riunione odierna del Tavolo frumento ... Read More about Grano duro: Cia, con questi prezzi addio a pasta Made in Italy","og_url":"https:\/\/ciapavia.com\/index.php\/2023\/04\/13\/grano-duro-cia-con-questi-prezzi-addio-a-pasta-made-in-italy\/","og_site_name":"Cia Agricoltori Italiani Pavia","article_publisher":"https:\/\/www.facebook.com\/cia.provinciapavia","article_published_time":"2023-04-13T14:55:28+00:00","article_modified_time":"2023-05-26T12:45:47+00:00","og_image":[{"width":750,"height":601,"url":"https:\/\/ciapavia.com\/wp-content\/uploads\/2023\/04\/tavolo_grano_masaf.jpg","type":"image\/jpeg"}],"author":"admin","twitter_card":"summary_large_image","twitter_misc":{"Scritto da":"admin","Tempo di lettura stimato":"3 minuti"},"schema":{"@context":"https:\/\/schema.org","@graph":[{"@type":"Article","@id":"https:\/\/ciapavia.com\/index.php\/2023\/04\/13\/grano-duro-cia-con-questi-prezzi-addio-a-pasta-made-in-italy\/#article","isPartOf":{"@id":"https:\/\/ciapavia.com\/index.php\/2023\/04\/13\/grano-duro-cia-con-questi-prezzi-addio-a-pasta-made-in-italy\/"},"author":{"name":"admin","@id":"https:\/\/ciapavia.com\/#\/schema\/person\/cb09bfde1754a08df071a37dd5d6bb32"},"headline":"Grano duro: Cia, con questi prezzi addio a pasta Made in Italy","datePublished":"2023-04-13T14:55:28+00:00","dateModified":"2023-05-26T12:45:47+00:00","mainEntityOfPage":{"@id":"https:\/\/ciapavia.com\/index.php\/2023\/04\/13\/grano-duro-cia-con-questi-prezzi-addio-a-pasta-made-in-italy\/"},"wordCount":402,"publisher":{"@id":"https:\/\/ciapavia.com\/#organization"},"image":{"@id":"https:\/\/ciapavia.com\/index.php\/2023\/04\/13\/grano-duro-cia-con-questi-prezzi-addio-a-pasta-made-in-italy\/#primaryimage"},"thumbnailUrl":"https:\/\/ciapavia.com\/wp-content\/uploads\/2023\/04\/tavolo_grano_masaf.jpg","articleSection":["Categoria 3","News"],"inLanguage":"it-IT"},{"@type":"WebPage","@id":"https:\/\/ciapavia.com\/index.php\/2023\/04\/13\/grano-duro-cia-con-questi-prezzi-addio-a-pasta-made-in-italy\/","url":"https:\/\/ciapavia.com\/index.php\/2023\/04\/13\/grano-duro-cia-con-questi-prezzi-addio-a-pasta-made-in-italy\/","name":"Grano duro: Cia, con questi prezzi addio a pasta Made in Italy - Cia Agricoltori Italiani Pavia","isPartOf":{"@id":"https:\/\/ciapavia.com\/#website"},"primaryImageOfPage":{"@id":"https:\/\/ciapavia.com\/index.php\/2023\/04\/13\/grano-duro-cia-con-questi-prezzi-addio-a-pasta-made-in-italy\/#primaryimage"},"image":{"@id":"https:\/\/ciapavia.com\/index.php\/2023\/04\/13\/grano-duro-cia-con-questi-prezzi-addio-a-pasta-made-in-italy\/#primaryimage"},"thumbnailUrl":"https:\/\/ciapavia.com\/wp-content\/uploads\/2023\/04\/tavolo_grano_masaf.jpg","datePublished":"2023-04-13T14:55:28+00:00","dateModified":"2023-05-26T12:45:47+00:00","breadcrumb":{"@id":"https:\/\/ciapavia.com\/index.php\/2023\/04\/13\/grano-duro-cia-con-questi-prezzi-addio-a-pasta-made-in-italy\/#breadcrumb"},"inLanguage":"it-IT","potentialAction":[{"@type":"ReadAction","target":["https:\/\/ciapavia.com\/index.php\/2023\/04\/13\/grano-duro-cia-con-questi-prezzi-addio-a-pasta-made-in-italy\/"]}]},{"@type":"ImageObject","inLanguage":"it-IT","@id":"https:\/\/ciapavia.com\/index.php\/2023\/04\/13\/grano-duro-cia-con-questi-prezzi-addio-a-pasta-made-in-italy\/#primaryimage","url":"https:\/\/ciapavia.com\/wp-content\/uploads\/2023\/04\/tavolo_grano_masaf.jpg","contentUrl":"https:\/\/ciapavia.com\/wp-content\/uploads\/2023\/04\/tavolo_grano_masaf.jpg","width":750,"height":601},{"@type":"BreadcrumbList","@id":"https:\/\/ciapavia.com\/index.php\/2023\/04\/13\/grano-duro-cia-con-questi-prezzi-addio-a-pasta-made-in-italy\/#breadcrumb","itemListElement":[{"@type":"ListItem","position":1,"name":"Home","item":"https:\/\/ciapavia.com\/"},{"@type":"ListItem","position":2,"name":"Grano duro: Cia, con questi prezzi addio a pasta Made in Italy"}]},{"@type":"WebSite","@id":"https:\/\/ciapavia.com\/#website","url":"https:\/\/ciapavia.com\/","name":"Cia Agricoltori Italiani Pavia","description":"La Cia-Agricoltori Italiani \u00e8 una delle maggiori organizzazioni di categoria d\u2019Europa che lavora per il miglioramento e la valorizzazione del settore primario e per la tutela delle condizioni dei suoi addetti","publisher":{"@id":"https:\/\/ciapavia.com\/#organization"},"alternateName":"La Cia-Agricoltori Italiani \u00e8 una delle maggiori organizzazioni di categoria d\u2019Europa che lavora per il miglioramento e la valorizzazione del settore primario e per la tutela delle condizioni dei suoi addetti","potentialAction":[{"@type":"SearchAction","target":{"@type":"EntryPoint","urlTemplate":"https:\/\/ciapavia.com\/?s={search_term_string}"},"query-input":{"@type":"PropertyValueSpecification","valueRequired":true,"valueName":"search_term_string"}}],"inLanguage":"it-IT"},{"@type":"Organization","@id":"https:\/\/ciapavia.com\/#organization","name":"Cia Pavia","alternateName":"Cia Pavia","url":"https:\/\/ciapavia.com\/","logo":{"@type":"ImageObject","inLanguage":"it-IT","@id":"https:\/\/ciapavia.com\/#\/schema\/logo\/image\/","url":"https:\/\/ciapavia.com\/wp-content\/uploads\/2022\/12\/cropped-cropped-logo_sito.png","contentUrl":"https:\/\/ciapavia.com\/wp-content\/uploads\/2022\/12\/cropped-cropped-logo_sito.png","width":720,"height":250,"caption":"Cia Pavia"},"image":{"@id":"https:\/\/ciapavia.com\/#\/schema\/logo\/image\/"},"sameAs":["https:\/\/www.facebook.com\/cia.provinciapavia"]},{"@type":"Person","@id":"https:\/\/ciapavia.com\/#\/schema\/person\/cb09bfde1754a08df071a37dd5d6bb32","name":"admin","sameAs":["https:\/\/ciapavia.com"],"url":"https:\/\/ciapavia.com\/index.php\/author\/viacovo\/"}]}},"_links":{"self":[{"href":"https:\/\/ciapavia.com\/index.php\/wp-json\/wp\/v2\/posts\/123","targetHints":{"allow":["GET"]}}],"collection":[{"href":"https:\/\/ciapavia.com\/index.php\/wp-json\/wp\/v2\/posts"}],"about":[{"href":"https:\/\/ciapavia.com\/index.php\/wp-json\/wp\/v2\/types\/post"}],"author":[{"embeddable":true,"href":"https:\/\/ciapavia.com\/index.php\/wp-json\/wp\/v2\/users\/1"}],"replies":[{"embeddable":true,"href":"https:\/\/ciapavia.com\/index.php\/wp-json\/wp\/v2\/comments?post=123"}],"version-history":[{"count":1,"href":"https:\/\/ciapavia.com\/index.php\/wp-json\/wp\/v2\/posts\/123\/revisions"}],"predecessor-version":[{"id":125,"href":"https:\/\/ciapavia.com\/index.php\/wp-json\/wp\/v2\/posts\/123\/revisions\/125"}],"wp:featuredmedia":[{"embeddable":true,"href":"https:\/\/ciapavia.com\/index.php\/wp-json\/wp\/v2\/media\/124"}],"wp:attachment":[{"href":"https:\/\/ciapavia.com\/index.php\/wp-json\/wp\/v2\/media?parent=123"}],"wp:term":[{"taxonomy":"category","embeddable":true,"href":"https:\/\/ciapavia.com\/index.php\/wp-json\/wp\/v2\/categories?post=123"},{"taxonomy":"post_tag","embeddable":true,"href":"https:\/\/ciapavia.com\/index.php\/wp-json\/wp\/v2\/tags?post=123"}],"curies":[{"name":"wp","href":"https:\/\/api.w.org\/{rel}","templated":true}]}}